{"id":76037,"date":"2025-02-13T11:35:39","date_gmt":"2025-02-13T10:35:39","guid":{"rendered":"https:\/\/www.bancadellacalce.it\/bdc\/?p=76037"},"modified":"2025-09-18T10:14:08","modified_gmt":"2025-09-18T08:14:08","slug":"storie-di-calce-39-il-racconto-di-paolo","status":"publish","type":"post","link":"https:\/\/www.bancadellacalce.it\/bdc\/storie-di-calce-39-il-racconto-di-paolo\/","title":{"rendered":"STORIE DI CALCE #39: IL RACCONTO DI PAOLO"},"content":{"rendered":"<section class=\"wpb-content-wrapper\">[vc_row full_width=&#8221;stretch_row&#8221; min_height=&#8221;650&#8243; css=&#8221;.vc_custom_1737555661798{background-image: url(https:\/\/www.bancadellacalce.it\/bdc\/wp-content\/uploads\/2025\/01\/Finale-Ligure_Flli-Ghigliazza_Cava7-copia_1440x675.jpg?id=76072) !important;background-position: center !important;background-repeat: no-repeat !important;background-size: cover !important;}&#8221;][vc_column width=&#8221;1\/2&#8243;][vc_empty_space height=&#8221;300px&#8221;][vc_column_text css=&#8221;.vc_custom_1737538623346{padding-top: 20px !important;padding-right: 20px !important;padding-bottom: 20px !important;padding-left: 20px !important;background-color: rgba(0,0,0,0.33) !important;*background-color: rgb(0,0,0) !important;}&#8221; color=&#8221;#ffffff&#8221;]\n<h1 style=\"text-align: center;\"><span style=\"color: #ffffff;\">STORIE DI CALCE #39<\/span><br \/>\n<span style=\"color: #ffffff;\">DA OPERA IL RACCONTO<br \/>\nDI PAOLO ACCINELLI<\/span><\/h1>\n[\/vc_column_text][\/vc_column][vc_column width=&#8221;1\/2&#8243;][\/vc_column][\/vc_row][vc_row full_width=&#8221;stretch_row&#8221; css=&#8221;.vc_custom_1715439216296{background-color: #dddddd !important;}&#8221;][vc_column][vc_empty_space height=&#8221;16px&#8221;][vc_column_text]Con <strong><em>Storie di Calce<\/em><\/strong> raccontiamo le\u00a0esperienze di clienti, appassionati e di tutti coloro che lavorano con la calce. Spunti, aneddoti e, perch\u00e9 no, qualche esempio delle realizzazioni che si possono fare con i nostri materiali.<span class=\"s1\">\u00a0<\/span><\/p>\n<p class=\"p1\">In questa puntata intervistiamo Paolo Accinelli, General Manager di<a href=\"https:\/\/sic-lime.com\/it\/\"> SIC Societ\u00e0 Impianti Calce<\/a>, azienda leader a livello mondiale nella progettazione e costruzione di impianti e macchinari per la produzione di calce e derivati. Con una storia che affonda le radici nel 1840 come produttore di calce, l&#8217;azienda vanta un&#8217;esperienza di oltre tre secoli nel settore, arrivando oggi a offrire progetti e servizi in tutto il mondo.<\/p>\n<p>Ecco la sua storia![\/vc_column_text][\/vc_column][\/vc_row][vc_row full_width=&#8221;stretch_row&#8221; column_spacing=&#8221;40&#8243;][vc_column][vc_column_text]\n<h3 class=\"western\"><span style=\"color: #000000;\">Ci racconti di pi\u00f9 su di lei: di cosa si occupa?<\/span><\/h3>\n<blockquote><p><span style=\"color: #000000;\"><img loading=\"lazy\" decoding=\"async\" class=\" wp-image-76075 alignright\" src=\"https:\/\/www.bancadellacalce.it\/bdc\/wp-content\/uploads\/2025\/01\/PAOLO-ACCINELLI_Q-300x300.jpg\" alt=\"\" width=\"229\" height=\"229\" srcset=\"https:\/\/www.bancadellacalce.it\/bdc\/wp-content\/uploads\/2025\/01\/PAOLO-ACCINELLI_Q-300x300.jpg 300w, https:\/\/www.bancadellacalce.it\/bdc\/wp-content\/uploads\/2025\/01\/PAOLO-ACCINELLI_Q-1024x1024.jpg 1024w, https:\/\/www.bancadellacalce.it\/bdc\/wp-content\/uploads\/2025\/01\/PAOLO-ACCINELLI_Q-150x150.jpg 150w, https:\/\/www.bancadellacalce.it\/bdc\/wp-content\/uploads\/2025\/01\/PAOLO-ACCINELLI_Q-768x768.jpg 768w, https:\/\/www.bancadellacalce.it\/bdc\/wp-content\/uploads\/2025\/01\/PAOLO-ACCINELLI_Q-600x600.jpg 600w, https:\/\/www.bancadellacalce.it\/bdc\/wp-content\/uploads\/2025\/01\/PAOLO-ACCINELLI_Q-100x100.jpg 100w, https:\/\/www.bancadellacalce.it\/bdc\/wp-content\/uploads\/2025\/01\/PAOLO-ACCINELLI_Q-50x50.jpg 50w, https:\/\/www.bancadellacalce.it\/bdc\/wp-content\/uploads\/2025\/01\/PAOLO-ACCINELLI_Q-80x80.jpg 80w, https:\/\/www.bancadellacalce.it\/bdc\/wp-content\/uploads\/2025\/01\/PAOLO-ACCINELLI_Q.jpg 1536w\" sizes=\"auto, (max-width: 229px) 100vw, 229px\" \/>Non so esattamente da quando, ma credo da sempre mi occupo di calce.<\/span><br \/>\n<span style=\"color: #000000;\">La calce fa parte del nostro DNA famigliare e fino dall\u2019inizio della mia vita professionale, gi\u00e0 durante il periodo scolastico, ho iniziato a \u201crazzolare\u201d tra gli impianti vivendo la realt\u00e0 delle cave.<\/span><br \/>\n<span style=\"color: #000000;\">Anche se la mia vita professionale successiva alla laurea, mi ha portato a svolgere mansioni \u201cin giacca e cravatta\u201d, restata comunque sempre impressa nella mia mente e nel mio CV questa esperienza impagabile, maturata tra la \u201cpolvere\u201d e che forse oggi per le nuove generazioni, diventa anche anche irreplicabile a causa dei vincoli dettati dalle differenti normative che regolano la vita delle societ\u00e0.<\/span><br \/>\n<span style=\"color: #000000;\">Ho avuto la possibilit\u00e0 di \u201crubare\u201d conoscenza dalla gente che \u201cfaceva\u201d e \u201cutilizzava\u201d la calce, scoprendo solo in seguito come, tante \u201ctradizioni\u201d tramandate, spesso in maniera empirica tra gli operai trovavano fondamento in una veste scientifica.<\/span><\/p><\/blockquote>\n<h3 class=\"western\" style=\"text-align: left;\"><span style=\"color: #000000;\">Ci racconti brevemente la storia della sua azienda, sappiamo che ha origini nel 1840\u2026<\/span><\/h3>\n<blockquote><p><span style=\"color: #000000;\">La nostra storia famigliare, nel mondo della calce risale alla prima met\u00e0 del 1800, quando in un piccolo paese della Liguria (Finale Ligure SV) i nostri antenati hanno iniziato a sfruttare un deposito eolico di sabbia sotto al quale si \u00e8 trovato un giacimento di calcare.<\/span><br \/>\n<span style=\"color: #000000;\">Fatto questo abbastanza singolare in Liguria, dove \u00e8 prevalente la presenza di carbonato di magnesio anzich\u00e9 di calcio.<\/span><br \/>\n<span style=\"color: #000000;\">Oltre all\u2019 utilizzo della calce per edilizia, gi\u00e0 in quegli anni nella zona, si stava sviluppando gli albori dell\u2019industria delle concerie, della lavorazione del ferro e data la peculiare presenza di calce calcitica anche l\u2019esportazione di questo prodotto, a mezzo di barili di legno trasportati utilizzando il cabotaggio nei paesi limitrofi e fino a raggiungere le foci del Rodano.<\/span><br \/>\n<span style=\"color: #000000;\">La produzione della calce nel ponente ligure era gi\u00e0 presente da tempi immemorabili ed in zona, numerosi sono i siti ancora riconoscibili per la presenza di calcheroni abbandonati.<\/span><br \/>\n<span style=\"color: #000000;\">In quegli anni non esisteva una \u201ctecnologia della produzione della calce\u201d e le metodologie di produzione si rifacevano ad antiche tradizioni tramandate da secoli senza evoluzioni significative.<\/span><br \/>\n<span style=\"color: #000000;\">L\u2019aumento delle quantit\u00e0 di calce richieste dal mercato creava la necessit\u00e0 di un\u2019evoluzione della capacit\u00e0 produttiva e della ripetitivit\u00e0 qualitativa della produzione.<\/span><br \/>\n<span style=\"color: #000000;\">A questo punto inizia la nostra storia di tecnologi della calce al fine anzitutto per trovare risposta ai problemi di produzione della nostra societ\u00e0 e successivamente quali fornitori di tecnologia ad altre societ\u00e0 del settore.<\/span><br \/>\n<span style=\"color: #000000;\">Arriviamo ad oggi dove, a causa di sempre pi\u00f9 stringenti vincoli ambientali e paesaggistici siamo stati costretti a dismettere le attivit\u00e0 produttive che erano arrivate ad occupare tre differenti siti produttivi, ed abbiamo rivolto il nostro core business e le esperienze maturate verso la realizzazione di tecnologie legate alla produzione della calce.<\/span><br \/>\n<span style=\"color: #000000;\">Le esperienze maturate e una continua innovazione ci ha portato a rappresentare oggi, con la nostra societ\u00e0, uno dei principali player mondiali nella tecnologia della calce.<\/span><\/p><\/blockquote>\n<h3 class=\"western\"><span style=\"color: #000000;\">Come si \u00e8 tramandato il sapere e l&#8217;esperienza nel corso delle generazioni all&#8217;interno della famiglia?<\/span><\/h3>\n<blockquote><p><span style=\"color: #000000;\">Vorrei poter rispondere con una formula dotta da libro di economia, ma in realt\u00e0 per la mia famiglia, come per altre famiglie storiche del mondo della calce in Italia, le quali sono tra loro legate da relazioni che sono ormai misurabili in generazioni, la decisione per le nuove generazioni di proseguire in questa avventura \u00e8 molto banalmente legata al fatto che la calce \u00e8 in casa da sempre e si sente anche la responsabilit\u00e0 di proseguire.<\/span><br \/>\n<span style=\"color: #000000;\">Devo confessare che l\u2019ingresso in questi anni in societ\u00e0 dei miei figli, i quali rappresentano probabilmente la quindicesima generazione della nostra avventura famigliare con la calce mi inorgoglisce all\u2019idea di essere riuscito a passare a loro il testimone.<\/span><\/p><\/blockquote>\n<h3 class=\"western\"><span style=\"color: #000000;\">Quali sono state le sfide pi\u00f9 grandi che l&#8217;azienda ha dovuto affrontare nel corso della sua lunga storia, e come sono state superate? Pensiamo a guerre, crisi economiche, cambiamenti tecnologici\u2026<\/span><\/h3>\n<blockquote><p><span style=\"color: #000000;\">Con una storia lunga quale la nostra, gli avvenimenti che hanno segnato questo percorso sono i pi\u00f9 disparati ed ogni volta \u00e8 stato necessario adattarsi e reinventarsi.<\/span><br \/>\n<span style=\"color: #000000;\">Sicuramente per\u00f2 la grande sfida che ha coinvolto, la nostra societ\u00e0 e i membri della nostra famiglia, in questa nostra lunga avventura nel mondo della calce \u00e8 stata quella di essere capaci di non perdere la capacit\u00e0 di continuare ad imparare per innovare senza per\u00f2 perdere mai il contatto con le problematiche legate alla produzione.<\/span><\/p><\/blockquote>\n<h3 class=\"western\"><span style=\"color: #000000;\">C&#8217;\u00e8 un aneddoto particolare che le viene in mente, legato alla storia della calce o dell&#8217;azienda?<\/span><\/h3>\n<blockquote><p><span style=\"color: #000000;\">Cercando nella mia memoria, la risposta a questa sua domanda mi sono affiorati due differenti eventi. Il primo \u00e8 stato nel 2005, quando durante una riunione dei produttori indiani di calce, il presidente dell\u2019associazione produttori di calce Mr. Marckigiani mi ha chiamato sul palco durante il suo discorso ed ha voluto ricordare quando, alla fine degli anni Cinquanta la nostra societ\u00e0, ed in particolare mio padre, sono sbarcati in India a Bombay per installare il primo forno \u201cmoderno\u201d da calce. Mi sorprende sempre pensare come siano riusciti in quegli anni, partendo da un piccolo paese ligure di pescatori arrivare con il loro \u201csaper fare\u201d dall\u2019altra parte del mondo.<\/span><br \/>\n<span style=\"color: #000000;\">Un altro fatto che mi colpisce tutte le volte, \u00e8 quando mi ritrovo in una fabbrica sperduta in qualche parte del mondo in veste ufficiale di \u201cpresidente\u201d della societ\u00e0 e vedere come gli operai siano sorpresi a vedermi prendere in mano un pezzo di calce e fare un\u2019analisi \u201ca occhio\u201d di cosa questo pezzo di calce possa raccontare. Nonostante l\u2019et\u00e0 e il ruolo ufficiale che oggi rivesto mi \u00e8 rimasta l\u2019abitudine irrefrenabile, quando sono in un sito di produzione, di \u201ctoccare\u201d il materiale.<\/span><\/p><\/blockquote>\n<h3 class=\"western\"><span style=\"color: #000000;\">Parlando del futuro della calce: quali sono, secondo lei, le prospettive per questo materiale nell&#8217;edilizia del futuro?<\/span><\/h3>\n<blockquote><p><span style=\"color: #000000;\">La produzione della calce, come la produzione dei diversi metalli, rappresentano tecnologie che sono alla base di moltissime attivit\u00e0 dell\u2019ingegno umano, queste tecnologie si sono dovute trasformare nel corso del tempo per adattarsi e stimolare sempre nuove esigenze.<\/span><br \/>\n<span style=\"color: #000000;\">Se pensiamo a cosa fosse la calce ed il suo utilizzo descritto da Plinio, e cosa \u00e8 oggi il \u201cmondo della calce\u201d, ci rendiamo conto quanto questo antico e semplice prodotto, si sia evoluto insieme a noi.<\/span><br \/>\n<span style=\"color: #000000;\">Oggi esistono moltissime forme differenti di calce, che trovano impieghi in settori tecnologicamente sempre pi\u00f9 sofisticati, ma l\u2019anacronismo della calce, \u00e8 che essa, ci riporta costantemente al monito del sapere fare.<\/span><br \/>\n<span style=\"color: #000000;\">Ci porta a riflettere su certe evoluzioni avvenute nel coso degli anni spesso dettate da mode o convenienze economiche non hanno portato ai risultati attesi.<\/span><br \/>\n<span style=\"color: #000000;\">Oggi, grazie alla calce, riscopriamo che la qualit\u00e0 della nostra vita \u00e8 legata in modo imprescindibile alla qualit\u00e0 delle nostre case e riscopriamo ed apprezziamo in modo scientifico modalit\u00e0 costruttive antiche a cui siamo arrivati forse solo per caso o per esperienza nel saper fare.<\/span><\/p><\/blockquote>\n[\/vc_column_text][\/vc_column][\/vc_row][vc_row full_width=&#8221;stretch_row&#8221; css=&#8221;.vc_custom_1728916665217{margin-bottom: -10px !important;background-color: #b5b5b5 !important;}&#8221;][vc_column][vc_empty_space]<div class=\"wpex-slider-preloaderimg\"><img loading=\"lazy\" decoding=\"async\" data-no-lazy=\"1\" class=\"skip-lazy\" src=\"https:\/\/www.bancadellacalce.it\/bdc\/wp-content\/uploads\/2025\/01\/Finale-Ligure_Flli-Ghigliazza_Cava7-copia_WEB.jpg\" alt=\"Cava A Finale Ligure Dei Fratelli Ghigliazza\" data-no-retina width=\"1129\" height=\"693\" \/><\/div><div class=\"vcex-module wpex-slider slider-pro vcex-image-slider clr\"  data-loop=\"true\" data-auto-play=\"false\" data-auto-play-delay=\"5000\" data-animation-speed=\"1000\" data-height-animation-duration=\"1000\" data-thumbnail-height=\"70\" data-thumbnail-width=\"70\"><div class=\"wpex-slider-slides sp-slides\"><div class=\"wpex-slider-slide sp-slide\"><div class=\"wpex-slider-media\"><img loading=\"lazy\" decoding=\"async\" data-no-lazy=\"1\" class=\"skip-lazy\" alt=\"Cava A Finale Ligure Dei Fratelli Ghigliazza\" src=\"https:\/\/www.bancadellacalce.it\/bdc\/wp-content\/uploads\/2025\/01\/Finale-Ligure_Flli-Ghigliazza_Cava7-copia_WEB.jpg\" data-no-retina width=\"1129\" height=\"693\" \/><div class=\"wpex-slider-caption sp-layer sp-padding clr sp-white\" data-position=\"bottomRight\" data-show-transition=\"up\" data-hide-transition=\"down\" data-width=\"\" data-show-delay=\"1500\" style=\"font-size:18px;\">Cava a Finale Ligure dei Fratelli Ghigliazza<\/div><\/div><\/div><div class=\"wpex-slider-slide sp-slide\"><div class=\"wpex-slider-media\"><img loading=\"lazy\" decoding=\"async\" data-no-lazy=\"1\" class=\"skip-lazy\" alt=\"Cava A Finale Ligure Dei Fratelli Ghigliazza\" src=\"https:\/\/www.bancadellacalce.it\/bdc\/wp-content\/uploads\/2025\/01\/Finale-Ligure_Flli-Ghigliazza_Cava5_WEB-1200x700.jpg\" data-no-retina width=\"1200\" height=\"700\" \/><div class=\"wpex-slider-caption sp-layer sp-padding clr sp-white\" data-position=\"bottomRight\" data-show-transition=\"up\" data-hide-transition=\"down\" data-width=\"\" data-show-delay=\"1500\" style=\"font-size:18px;\">Cava a Finale Ligure dei Fratelli Ghigliazza<\/div><\/div><\/div><div class=\"wpex-slider-slide sp-slide\"><div class=\"wpex-slider-media\"><img loading=\"lazy\" decoding=\"async\" data-no-lazy=\"1\" class=\"skip-lazy\" alt=\"Calico Mills (Bombay)\" src=\"https:\/\/www.bancadellacalce.it\/bdc\/wp-content\/uploads\/2025\/01\/Calico-Mills-Bombay_1_WEB.jpg\" data-no-retina width=\"921\" height=\"540\" \/><div class=\"wpex-slider-caption sp-layer sp-padding clr sp-white\" data-position=\"bottomRight\" data-show-transition=\"up\" data-hide-transition=\"down\" data-width=\"\" data-show-delay=\"1500\" style=\"font-size:18px;\">Primo forno da calce moderno realizzato a Bombay, in India<\/div><\/div><\/div><div class=\"wpex-slider-slide sp-slide\"><div class=\"wpex-slider-media\"><img loading=\"lazy\" decoding=\"async\" data-no-lazy=\"1\" class=\"skip-lazy\" alt=\"Cava A Finale Ligure Dei Fratelli Ghigliazza\" src=\"https:\/\/www.bancadellacalce.it\/bdc\/wp-content\/uploads\/2025\/01\/Finale-Ligure_Flli-Ghigliazza_Cava2_WEB-1200x700.jpg\" data-no-retina width=\"1200\" height=\"700\" \/><div class=\"wpex-slider-caption sp-layer sp-padding clr sp-white\" data-position=\"bottomRight\" data-show-transition=\"up\" data-hide-transition=\"down\" data-width=\"\" data-show-delay=\"1500\" style=\"font-size:18px;\">Cava a Finale Ligure dei Fratelli Ghigliazza<\/div><\/div><\/div><div class=\"wpex-slider-slide sp-slide\"><div class=\"wpex-slider-media\"><img loading=\"lazy\" decoding=\"async\" data-no-lazy=\"1\" class=\"skip-lazy\" alt=\"Cava A Finale Ligure Dei Fratelli Ghigliazza\" src=\"https:\/\/www.bancadellacalce.it\/bdc\/wp-content\/uploads\/2025\/01\/Finale-Ligure_Flli-Ghigliazza_Cava11_WEB.jpg\" data-no-retina width=\"1024\" height=\"585\" \/><div class=\"wpex-slider-caption sp-layer sp-padding clr sp-white\" data-position=\"bottomRight\" data-show-transition=\"up\" data-hide-transition=\"down\" data-width=\"\" data-show-delay=\"1500\" style=\"font-size:18px;\">Cava a Finale Ligure dei Fratelli Ghigliazza<\/div><\/div><\/div><div class=\"wpex-slider-slide sp-slide\"><div class=\"wpex-slider-media\"><img loading=\"lazy\" decoding=\"async\" data-no-lazy=\"1\" class=\"skip-lazy\" alt=\"Cava A Finale Ligure Dei Fratelli Ghigliazza\" src=\"https:\/\/www.bancadellacalce.it\/bdc\/wp-content\/uploads\/2025\/01\/Finale-Ligure_Flli-Ghigliazza_Cava10_WEB-1200x700.jpg\" data-no-retina width=\"1200\" height=\"700\" \/><div class=\"wpex-slider-caption sp-layer sp-padding clr sp-white\" data-position=\"bottomRight\" data-show-transition=\"up\" data-hide-transition=\"down\" data-width=\"\" data-show-delay=\"1500\" style=\"font-size:18px;\">Cava a Finale Ligure dei Fratelli Ghigliazza<\/div><\/div><\/div><div class=\"wpex-slider-slide sp-slide\"><div class=\"wpex-slider-media\"><img loading=\"lazy\" decoding=\"async\" data-no-lazy=\"1\" class=\"skip-lazy\" src=\"https:\/\/www.bancadellacalce.it\/bdc\/wp-content\/uploads\/2025\/01\/Fig16_sic_Huong_Hai_Vietnam_Double_Shaft_Square_300tpd-2d53ee32fbbfe146_web-1200x700.jpg\" alt='' data-no-retina width=\"1200\" height=\"700\" \/><div class=\"wpex-slider-caption sp-layer sp-padding clr sp-white\" data-position=\"bottomRight\" data-show-transition=\"up\" data-hide-transition=\"down\" data-width=\"\" data-show-delay=\"1500\" style=\"font-size:18px;\">Fig16_sic_Huong_Hai_Vietnam_Double_Shaft_Square_300tpd-2d53ee32fbbfe146_web<\/div><\/div><\/div><div class=\"wpex-slider-slide sp-slide\"><div class=\"wpex-slider-media\"><img loading=\"lazy\" decoding=\"async\" data-no-lazy=\"1\" class=\"skip-lazy\" alt=\"Cava A Finale Ligure Dei Fratelli Ghigliazza\" src=\"https:\/\/www.bancadellacalce.it\/bdc\/wp-content\/uploads\/2025\/01\/Finale-Ligure_Flli-Ghigliazza_Cava7-copia_1440x675.jpg\" data-no-retina width=\"1187\" height=\"654\" \/><div class=\"wpex-slider-caption sp-layer sp-padding clr sp-white\" data-position=\"bottomRight\" data-show-transition=\"up\" data-hide-transition=\"down\" data-width=\"\" data-show-delay=\"1500\" style=\"font-size:18px;\">Cava a Finale Ligure dei Fratelli Ghigliazza<\/div><\/div><\/div><div class=\"wpex-slider-slide sp-slide\"><div class=\"wpex-slider-media\"><img loading=\"lazy\" decoding=\"async\" data-no-lazy=\"1\" class=\"skip-lazy\" alt=\"Paolo Accinelli\" src=\"https:\/\/www.bancadellacalce.it\/bdc\/wp-content\/uploads\/2025\/01\/PAOLO-ACCINELLI_Q-1200x700.jpg\" data-no-retina width=\"1200\" height=\"700\" \/><div class=\"wpex-slider-caption sp-layer sp-padding clr sp-white\" data-position=\"bottomRight\" data-show-transition=\"up\" data-hide-transition=\"down\" data-width=\"\" data-show-delay=\"1500\" style=\"font-size:18px;\">PAOLO ACCINELLI_Q<\/div><\/div><\/div><\/div><\/div>[vc_empty_space][\/vc_column][\/vc_row][vc_row full_width=&#8221;stretch_row&#8221;][vc_column][vc_column_text]\n[\/vc_column_text][\/vc_column][\/vc_row][vc_row full_width=&#8221;stretch_row&#8221;][vc_column][vc_empty_space][vc_column_text]\n<div class=\"wpb_text_column wpb_content_element \">\n<div class=\"wpb_wrapper\">\n<h2 style=\"text-align: center;\">I PRODOTTI UTILIZZATI DA MARIO<\/h2>\n<\/div>\n<\/div>\n[\/vc_column_text][vc_empty_space][vc_basic_grid post_type=&#8221;ids&#8221; element_width=&#8221;12&#8243; gap=&#8221;4&#8243; item=&#8221;10091&#8243; initial_loading_animation=&#8221;zoomIn&#8221; grid_id=&#8221;vc_gid:1758183210746-42554d4e-db8b-0&#8243; include=&#8221;10981&#8243;][\/vc_column][\/vc_row][vc_row full_width=&#8221;stretch_row&#8221;][vc_column][vc_column_text]\n<div class=\"wpb_text_column wpb_content_element \">\n<div class=\"wpb_wrapper\">\n<h2 style=\"text-align: center;\">ALTRE STORIE DI CALCE<\/h2>\n<\/div>\n<\/div>\n[\/vc_column_text][vc_empty_space][vc_basic_grid post_type=&#8221;post&#8221; max_items=&#8221;3&#8243; orderby=&#8221;rand&#8221; item=&#8221;6836&#8243; grid_id=&#8221;vc_gid:1758183210746-fb8c7a76-cac1-6&#8243; taxonomies=&#8221;231&#8243; css=&#8221;.vc_custom_1616490453646{background-color: #e8e8e8 !important;}&#8221;][vc_empty_space][\/vc_column][\/vc_row][vc_column][\/vc_column][vc_column][\/vc_column]\n<\/section>","protected":false},"excerpt":{"rendered":"<p>Storie di Calce racconta le\u00a0esperienze di clienti, appassionati e di tutti coloro che lavorano la calce, ecco la storia di Paolo Accinelli.<\/p>\n","protected":false},"author":9,"featured_media":76072,"comment_status":"closed","ping_status":"closed","sticky":false,"template":"","format":"standard","meta":{"_joinchat":[],"footnotes":""},"categories":[231,235],"tags":[119,184,205],"post_series":[103],"class_list":["post-76037","post","type-post","status-publish","format-standard","has-post-thumbnail","hentry","category-storie-di-calce","category-storie_di_calce_calcequalita","tag-calce","tag-calcequalita","tag-storie-di-calce","post_series-news","entry","has-media"],"yoast_head":"<!-- This site is optimized with the Yoast SEO plugin v27.5 - https:\/\/yoast.com\/product\/yoast-seo-wordpress\/ -->\n<title>STORIE DI CALCE#39: IL RACCONTO DI PAOLO ACCINELLI<\/title>\n<meta name=\"description\" content=\"Storie di Calce racconta le\u00a0esperienze di clienti, appassionati e di tutti coloro che lavorano la calce, ecco la storia di Paolo Accinelli.\" \/>\n<meta name=\"robots\" content=\"index, follow, max-snippet:-1, max-image-preview:large, max-video-preview:-1\" \/>\n<link rel=\"canonical\" href=\"https:\/\/www.bancadellacalce.it\/bdc\/storie-di-calce29-il-racconto-di-matteo\/\" \/>\n<meta property=\"og:locale\" content=\"it_IT\" \/>\n<meta property=\"og:type\" content=\"article\" \/>\n<meta property=\"og:title\" content=\"STORIE DI CALCE#39: IL RACCONTO DI PAOLO ACCINELLI | La Banca della Calce\" \/>\n<meta property=\"og:description\" content=\"Storie di Calce racconta le\u00a0esperienze di clienti, appassionati e di tutti coloro che lavorano la calce, ecco la storia di Paolo Accinelli..\" \/>\n<meta property=\"og:url\" content=\"https:\/\/www.bancadellacalce.it\/bdc\/storie-di-calce29-il-racconto-di-matteo\/\" \/>\n<meta property=\"og:site_name\" content=\"La banca della calce\" \/>\n<meta property=\"article:publisher\" content=\"https:\/\/www.facebook.com\/La-Banca-della-Calce-223667067649398\/\" \/>\n<meta property=\"article:published_time\" content=\"2025-02-13T10:35:39+00:00\" \/>\n<meta property=\"article:modified_time\" content=\"2025-09-18T08:14:08+00:00\" \/>\n<meta property=\"og:image\" content=\"https:\/\/www.bancadellacalce.it\/bdc\/wp-content\/uploads\/2025\/01\/Finale-Ligure_Flli-Ghigliazza_Cava7-copia_1440x675.jpg\" \/>\n\t<meta property=\"og:image:width\" content=\"1187\" \/>\n\t<meta property=\"og:image:height\" content=\"654\" \/>\n\t<meta property=\"og:image:type\" content=\"image\/jpeg\" \/>\n<meta name=\"author\" content=\"Ilenia Ucci\" \/>\n<meta name=\"twitter:card\" content=\"summary_large_image\" \/>\n<meta name=\"twitter:label1\" content=\"Scritto da\" \/>\n\t<meta name=\"twitter:data1\" content=\"Ilenia Ucci\" \/>\n\t<meta name=\"twitter:label2\" content=\"Tempo di lettura stimato\" \/>\n\t<meta name=\"twitter:data2\" content=\"2 minuti\" \/>\n<script type=\"application\/ld+json\" class=\"yoast-schema-graph\">{\"@context\":\"https:\\\/\\\/schema.org\",\"@graph\":[{\"@type\":\"Article\",\"@id\":\"https:\\\/\\\/www.bancadellacalce.it\\\/bdc\\\/storie-di-calce29-il-racconto-di-matteo\\\/#article\",\"isPartOf\":{\"@id\":\"https:\\\/\\\/www.bancadellacalce.it\\\/bdc\\\/storie-di-calce-39-il-racconto-di-paolo\\\/\"},\"author\":{\"name\":\"Ilenia Ucci\",\"@id\":\"https:\\\/\\\/www.bancadellacalce.it\\\/bdc\\\/#\\\/schema\\\/person\\\/7e39c782e7b64a205b9a5f3bfdf5cf7b\"},\"headline\":\"STORIE DI CALCE #39: IL RACCONTO DI PAOLO\",\"datePublished\":\"2025-02-13T10:35:39+00:00\",\"dateModified\":\"2025-09-18T08:14:08+00:00\",\"mainEntityOfPage\":{\"@id\":\"https:\\\/\\\/www.bancadellacalce.it\\\/bdc\\\/storie-di-calce-39-il-racconto-di-paolo\\\/\"},\"wordCount\":1586,\"publisher\":{\"@id\":\"https:\\\/\\\/www.bancadellacalce.it\\\/bdc\\\/#organization\"},\"image\":{\"@id\":\"https:\\\/\\\/www.bancadellacalce.it\\\/bdc\\\/storie-di-calce29-il-racconto-di-matteo\\\/#primaryimage\"},\"thumbnailUrl\":\"https:\\\/\\\/www.bancadellacalce.it\\\/bdc\\\/wp-content\\\/uploads\\\/2025\\\/01\\\/Finale-Ligure_Flli-Ghigliazza_Cava7-copia_1440x675.jpg\",\"keywords\":[\"calce\",\"CalceQualit\u00e0\",\"storie di calce\"],\"articleSection\":[\"Storie_di_calce\",\"Storie_di_Calce_CALCEQUALITA\"],\"inLanguage\":\"it-IT\"},{\"@type\":\"WebPage\",\"@id\":\"https:\\\/\\\/www.bancadellacalce.it\\\/bdc\\\/storie-di-calce-39-il-racconto-di-paolo\\\/\",\"url\":\"https:\\\/\\\/www.bancadellacalce.it\\\/bdc\\\/storie-di-calce29-il-racconto-di-matteo\\\/\",\"name\":\"STORIE DI CALCE#39: IL RACCONTO DI PAOLO ACCINELLI\",\"isPartOf\":{\"@id\":\"https:\\\/\\\/www.bancadellacalce.it\\\/bdc\\\/#website\"},\"primaryImageOfPage\":{\"@id\":\"https:\\\/\\\/www.bancadellacalce.it\\\/bdc\\\/storie-di-calce29-il-racconto-di-matteo\\\/#primaryimage\"},\"image\":{\"@id\":\"https:\\\/\\\/www.bancadellacalce.it\\\/bdc\\\/storie-di-calce29-il-racconto-di-matteo\\\/#primaryimage\"},\"thumbnailUrl\":\"https:\\\/\\\/www.bancadellacalce.it\\\/bdc\\\/wp-content\\\/uploads\\\/2025\\\/01\\\/Finale-Ligure_Flli-Ghigliazza_Cava7-copia_1440x675.jpg\",\"datePublished\":\"2025-02-13T10:35:39+00:00\",\"dateModified\":\"2025-09-18T08:14:08+00:00\",\"description\":\"Storie di Calce racconta le\u00a0esperienze di clienti, appassionati e di tutti coloro che lavorano la calce, ecco la storia di Paolo Accinelli.\",\"breadcrumb\":{\"@id\":\"https:\\\/\\\/www.bancadellacalce.it\\\/bdc\\\/storie-di-calce29-il-racconto-di-matteo\\\/#breadcrumb\"},\"inLanguage\":\"it-IT\",\"potentialAction\":[{\"@type\":\"ReadAction\",\"target\":[\"https:\\\/\\\/www.bancadellacalce.it\\\/bdc\\\/storie-di-calce29-il-racconto-di-matteo\\\/\"]}]},{\"@type\":\"ImageObject\",\"inLanguage\":\"it-IT\",\"@id\":\"https:\\\/\\\/www.bancadellacalce.it\\\/bdc\\\/storie-di-calce29-il-racconto-di-matteo\\\/#primaryimage\",\"url\":\"https:\\\/\\\/www.bancadellacalce.it\\\/bdc\\\/wp-content\\\/uploads\\\/2025\\\/01\\\/Finale-Ligure_Flli-Ghigliazza_Cava7-copia_1440x675.jpg\",\"contentUrl\":\"https:\\\/\\\/www.bancadellacalce.it\\\/bdc\\\/wp-content\\\/uploads\\\/2025\\\/01\\\/Finale-Ligure_Flli-Ghigliazza_Cava7-copia_1440x675.jpg\",\"width\":1187,\"height\":654,\"caption\":\"Cava a Finale Ligure dei Fratelli Ghigliazza\"},{\"@type\":\"BreadcrumbList\",\"@id\":\"https:\\\/\\\/www.bancadellacalce.it\\\/bdc\\\/storie-di-calce29-il-racconto-di-matteo\\\/#breadcrumb\",\"itemListElement\":[{\"@type\":\"ListItem\",\"position\":1,\"name\":\"Home\",\"item\":\"https:\\\/\\\/www.bancadellacalce.it\\\/bdc\\\/\"},{\"@type\":\"ListItem\",\"position\":2,\"name\":\"STORIE DI CALCE #39: IL RACCONTO DI PAOLO\"}]},{\"@type\":\"WebSite\",\"@id\":\"https:\\\/\\\/www.bancadellacalce.it\\\/bdc\\\/#website\",\"url\":\"https:\\\/\\\/www.bancadellacalce.it\\\/bdc\\\/\",\"name\":\"La banca della calce\",\"description\":\"Costruire per natura\",\"publisher\":{\"@id\":\"https:\\\/\\\/www.bancadellacalce.it\\\/bdc\\\/#organization\"},\"potentialAction\":[{\"@type\":\"SearchAction\",\"target\":{\"@type\":\"EntryPoint\",\"urlTemplate\":\"https:\\\/\\\/www.bancadellacalce.it\\\/bdc\\\/?s={search_term_string}\"},\"query-input\":{\"@type\":\"PropertyValueSpecification\",\"valueRequired\":true,\"valueName\":\"search_term_string\"}}],\"inLanguage\":\"it-IT\"},{\"@type\":\"Organization\",\"@id\":\"https:\\\/\\\/www.bancadellacalce.it\\\/bdc\\\/#organization\",\"name\":\"La Banca della Calce\",\"url\":\"https:\\\/\\\/www.bancadellacalce.it\\\/bdc\\\/\",\"logo\":{\"@type\":\"ImageObject\",\"inLanguage\":\"it-IT\",\"@id\":\"https:\\\/\\\/www.bancadellacalce.it\\\/bdc\\\/#\\\/schema\\\/logo\\\/image\\\/\",\"url\":\"https:\\\/\\\/www.bancadellacalce.it\\\/bdc\\\/wp-content\\\/uploads\\\/2016\\\/01\\\/logo-labancadellacalce.png\",\"contentUrl\":\"https:\\\/\\\/www.bancadellacalce.it\\\/bdc\\\/wp-content\\\/uploads\\\/2016\\\/01\\\/logo-labancadellacalce.png\",\"width\":729,\"height\":125,\"caption\":\"La Banca della Calce\"},\"image\":{\"@id\":\"https:\\\/\\\/www.bancadellacalce.it\\\/bdc\\\/#\\\/schema\\\/logo\\\/image\\\/\"},\"sameAs\":[\"https:\\\/\\\/www.facebook.com\\\/La-Banca-della-Calce-223667067649398\\\/\",\"https:\\\/\\\/www.instagram.com\\\/labancadellacalce\\\/\",\"https:\\\/\\\/www.linkedin.com\\\/company\\\/19183447\"]},{\"@type\":\"Person\",\"@id\":\"https:\\\/\\\/www.bancadellacalce.it\\\/bdc\\\/#\\\/schema\\\/person\\\/7e39c782e7b64a205b9a5f3bfdf5cf7b\",\"name\":\"Ilenia Ucci\",\"image\":{\"@type\":\"ImageObject\",\"inLanguage\":\"it-IT\",\"@id\":\"https:\\\/\\\/secure.gravatar.com\\\/avatar\\\/8c435332674f736442af24b7b4d565dd487c9cbb9816964ac5e67d45da94fd6b?s=96&d=mm&r=g\",\"url\":\"https:\\\/\\\/secure.gravatar.com\\\/avatar\\\/8c435332674f736442af24b7b4d565dd487c9cbb9816964ac5e67d45da94fd6b?s=96&d=mm&r=g\",\"contentUrl\":\"https:\\\/\\\/secure.gravatar.com\\\/avatar\\\/8c435332674f736442af24b7b4d565dd487c9cbb9816964ac5e67d45da94fd6b?s=96&d=mm&r=g\",\"caption\":\"Ilenia Ucci\"},\"url\":\"https:\\\/\\\/www.bancadellacalce.it\\\/bdc\\\/author\\\/elena\\\/\"}]}<\/script>\n<!-- \/ Yoast SEO plugin. -->","yoast_head_json":{"title":"STORIE DI CALCE#39: IL RACCONTO DI PAOLO ACCINELLI","description":"Storie di Calce racconta le\u00a0esperienze di clienti, appassionati e di tutti coloro che lavorano la calce, ecco la storia di Paolo Accinelli.","robots":{"index":"index","follow":"follow","max-snippet":"max-snippet:-1","max-image-preview":"max-image-preview:large","max-video-preview":"max-video-preview:-1"},"canonical":"https:\/\/www.bancadellacalce.it\/bdc\/storie-di-calce29-il-racconto-di-matteo\/","og_locale":"it_IT","og_type":"article","og_title":"STORIE DI CALCE#39: IL RACCONTO DI PAOLO ACCINELLI | La Banca della Calce","og_description":"Storie di Calce racconta le\u00a0esperienze di clienti, appassionati e di tutti coloro che lavorano la calce, ecco la storia di Paolo Accinelli..","og_url":"https:\/\/www.bancadellacalce.it\/bdc\/storie-di-calce29-il-racconto-di-matteo\/","og_site_name":"La banca della calce","article_publisher":"https:\/\/www.facebook.com\/La-Banca-della-Calce-223667067649398\/","article_published_time":"2025-02-13T10:35:39+00:00","article_modified_time":"2025-09-18T08:14:08+00:00","og_image":[{"width":1187,"height":654,"url":"https:\/\/www.bancadellacalce.it\/bdc\/wp-content\/uploads\/2025\/01\/Finale-Ligure_Flli-Ghigliazza_Cava7-copia_1440x675.jpg","type":"image\/jpeg"}],"author":"Ilenia Ucci","twitter_card":"summary_large_image","twitter_misc":{"Scritto da":"Ilenia Ucci","Tempo di lettura stimato":"2 minuti"},"schema":{"@context":"https:\/\/schema.org","@graph":[{"@type":"Article","@id":"https:\/\/www.bancadellacalce.it\/bdc\/storie-di-calce29-il-racconto-di-matteo\/#article","isPartOf":{"@id":"https:\/\/www.bancadellacalce.it\/bdc\/storie-di-calce-39-il-racconto-di-paolo\/"},"author":{"name":"Ilenia Ucci","@id":"https:\/\/www.bancadellacalce.it\/bdc\/#\/schema\/person\/7e39c782e7b64a205b9a5f3bfdf5cf7b"},"headline":"STORIE DI CALCE #39: IL RACCONTO DI PAOLO","datePublished":"2025-02-13T10:35:39+00:00","dateModified":"2025-09-18T08:14:08+00:00","mainEntityOfPage":{"@id":"https:\/\/www.bancadellacalce.it\/bdc\/storie-di-calce-39-il-racconto-di-paolo\/"},"wordCount":1586,"publisher":{"@id":"https:\/\/www.bancadellacalce.it\/bdc\/#organization"},"image":{"@id":"https:\/\/www.bancadellacalce.it\/bdc\/storie-di-calce29-il-racconto-di-matteo\/#primaryimage"},"thumbnailUrl":"https:\/\/www.bancadellacalce.it\/bdc\/wp-content\/uploads\/2025\/01\/Finale-Ligure_Flli-Ghigliazza_Cava7-copia_1440x675.jpg","keywords":["calce","CalceQualit\u00e0","storie di calce"],"articleSection":["Storie_di_calce","Storie_di_Calce_CALCEQUALITA"],"inLanguage":"it-IT"},{"@type":"WebPage","@id":"https:\/\/www.bancadellacalce.it\/bdc\/storie-di-calce-39-il-racconto-di-paolo\/","url":"https:\/\/www.bancadellacalce.it\/bdc\/storie-di-calce29-il-racconto-di-matteo\/","name":"STORIE DI CALCE#39: IL RACCONTO DI PAOLO ACCINELLI","isPartOf":{"@id":"https:\/\/www.bancadellacalce.it\/bdc\/#website"},"primaryImageOfPage":{"@id":"https:\/\/www.bancadellacalce.it\/bdc\/storie-di-calce29-il-racconto-di-matteo\/#primaryimage"},"image":{"@id":"https:\/\/www.bancadellacalce.it\/bdc\/storie-di-calce29-il-racconto-di-matteo\/#primaryimage"},"thumbnailUrl":"https:\/\/www.bancadellacalce.it\/bdc\/wp-content\/uploads\/2025\/01\/Finale-Ligure_Flli-Ghigliazza_Cava7-copia_1440x675.jpg","datePublished":"2025-02-13T10:35:39+00:00","dateModified":"2025-09-18T08:14:08+00:00","description":"Storie di Calce racconta le\u00a0esperienze di clienti, appassionati e di tutti coloro che lavorano la calce, ecco la storia di Paolo Accinelli.","breadcrumb":{"@id":"https:\/\/www.bancadellacalce.it\/bdc\/storie-di-calce29-il-racconto-di-matteo\/#breadcrumb"},"inLanguage":"it-IT","potentialAction":[{"@type":"ReadAction","target":["https:\/\/www.bancadellacalce.it\/bdc\/storie-di-calce29-il-racconto-di-matteo\/"]}]},{"@type":"ImageObject","inLanguage":"it-IT","@id":"https:\/\/www.bancadellacalce.it\/bdc\/storie-di-calce29-il-racconto-di-matteo\/#primaryimage","url":"https:\/\/www.bancadellacalce.it\/bdc\/wp-content\/uploads\/2025\/01\/Finale-Ligure_Flli-Ghigliazza_Cava7-copia_1440x675.jpg","contentUrl":"https:\/\/www.bancadellacalce.it\/bdc\/wp-content\/uploads\/2025\/01\/Finale-Ligure_Flli-Ghigliazza_Cava7-copia_1440x675.jpg","width":1187,"height":654,"caption":"Cava a Finale Ligure dei Fratelli Ghigliazza"},{"@type":"BreadcrumbList","@id":"https:\/\/www.bancadellacalce.it\/bdc\/storie-di-calce29-il-racconto-di-matteo\/#breadcrumb","itemListElement":[{"@type":"ListItem","position":1,"name":"Home","item":"https:\/\/www.bancadellacalce.it\/bdc\/"},{"@type":"ListItem","position":2,"name":"STORIE DI CALCE #39: IL RACCONTO DI PAOLO"}]},{"@type":"WebSite","@id":"https:\/\/www.bancadellacalce.it\/bdc\/#website","url":"https:\/\/www.bancadellacalce.it\/bdc\/","name":"La banca della calce","description":"Costruire per natura","publisher":{"@id":"https:\/\/www.bancadellacalce.it\/bdc\/#organization"},"potentialAction":[{"@type":"SearchAction","target":{"@type":"EntryPoint","urlTemplate":"https:\/\/www.bancadellacalce.it\/bdc\/?s={search_term_string}"},"query-input":{"@type":"PropertyValueSpecification","valueRequired":true,"valueName":"search_term_string"}}],"inLanguage":"it-IT"},{"@type":"Organization","@id":"https:\/\/www.bancadellacalce.it\/bdc\/#organization","name":"La Banca della Calce","url":"https:\/\/www.bancadellacalce.it\/bdc\/","logo":{"@type":"ImageObject","inLanguage":"it-IT","@id":"https:\/\/www.bancadellacalce.it\/bdc\/#\/schema\/logo\/image\/","url":"https:\/\/www.bancadellacalce.it\/bdc\/wp-content\/uploads\/2016\/01\/logo-labancadellacalce.png","contentUrl":"https:\/\/www.bancadellacalce.it\/bdc\/wp-content\/uploads\/2016\/01\/logo-labancadellacalce.png","width":729,"height":125,"caption":"La Banca della Calce"},"image":{"@id":"https:\/\/www.bancadellacalce.it\/bdc\/#\/schema\/logo\/image\/"},"sameAs":["https:\/\/www.facebook.com\/La-Banca-della-Calce-223667067649398\/","https:\/\/www.instagram.com\/labancadellacalce\/","https:\/\/www.linkedin.com\/company\/19183447"]},{"@type":"Person","@id":"https:\/\/www.bancadellacalce.it\/bdc\/#\/schema\/person\/7e39c782e7b64a205b9a5f3bfdf5cf7b","name":"Ilenia Ucci","image":{"@type":"ImageObject","inLanguage":"it-IT","@id":"https:\/\/secure.gravatar.com\/avatar\/8c435332674f736442af24b7b4d565dd487c9cbb9816964ac5e67d45da94fd6b?s=96&d=mm&r=g","url":"https:\/\/secure.gravatar.com\/avatar\/8c435332674f736442af24b7b4d565dd487c9cbb9816964ac5e67d45da94fd6b?s=96&d=mm&r=g","contentUrl":"https:\/\/secure.gravatar.com\/avatar\/8c435332674f736442af24b7b4d565dd487c9cbb9816964ac5e67d45da94fd6b?s=96&d=mm&r=g","caption":"Ilenia Ucci"},"url":"https:\/\/www.bancadellacalce.it\/bdc\/author\/elena\/"}]}},"_links":{"self":[{"href":"https:\/\/www.bancadellacalce.it\/bdc\/wp-json\/wp\/v2\/posts\/76037","targetHints":{"allow":["GET"]}}],"collection":[{"href":"https:\/\/www.bancadellacalce.it\/bdc\/wp-json\/wp\/v2\/posts"}],"about":[{"href":"https:\/\/www.bancadellacalce.it\/bdc\/wp-json\/wp\/v2\/types\/post"}],"author":[{"embeddable":true,"href":"https:\/\/www.bancadellacalce.it\/bdc\/wp-json\/wp\/v2\/users\/9"}],"replies":[{"embeddable":true,"href":"https:\/\/www.bancadellacalce.it\/bdc\/wp-json\/wp\/v2\/comments?post=76037"}],"version-history":[{"count":8,"href":"https:\/\/www.bancadellacalce.it\/bdc\/wp-json\/wp\/v2\/posts\/76037\/revisions"}],"predecessor-version":[{"id":80977,"href":"https:\/\/www.bancadellacalce.it\/bdc\/wp-json\/wp\/v2\/posts\/76037\/revisions\/80977"}],"wp:featuredmedia":[{"embeddable":true,"href":"https:\/\/www.bancadellacalce.it\/bdc\/wp-json\/wp\/v2\/media\/76072"}],"wp:attachment":[{"href":"https:\/\/www.bancadellacalce.it\/bdc\/wp-json\/wp\/v2\/media?parent=76037"}],"wp:term":[{"taxonomy":"category","embeddable":true,"href":"https:\/\/www.bancadellacalce.it\/bdc\/wp-json\/wp\/v2\/categories?post=76037"},{"taxonomy":"post_tag","embeddable":true,"href":"https:\/\/www.bancadellacalce.it\/bdc\/wp-json\/wp\/v2\/tags?post=76037"},{"taxonomy":"post_series","embeddable":true,"href":"https:\/\/www.bancadellacalce.it\/bdc\/wp-json\/wp\/v2\/post_series?post=76037"}],"curies":[{"name":"wp","href":"https:\/\/api.w.org\/{rel}","templated":true}]}}