{"id":53327,"date":"2022-06-08T11:51:56","date_gmt":"2022-06-08T09:51:56","guid":{"rendered":"https:\/\/www.bancadellacalce.it\/bdc\/?p=53327"},"modified":"2026-04-07T15:39:56","modified_gmt":"2026-04-07T13:39:56","slug":"pastellone-e-canapa-philippe-starck-reimmagina-il-teatro-eslava-di-madrid","status":"publish","type":"post","link":"https:\/\/www.bancadellacalce.it\/bdc\/pastellone-e-canapa-philippe-starck-reimmagina-il-teatro-eslava-di-madrid\/","title":{"rendered":"PASTELLONE E CANAPA &#8211; PHILIPPE STARCK REIMMAGINA IL TEATRO ESLAVA DI MADRID"},"content":{"rendered":"<section class=\"wpb-content-wrapper\">[vc_row full_width=&#8221;stretch_row&#8221; min_height=&#8221;650&#8243; css=&#8221;.vc_custom_1654598121865{background-image: url(https:\/\/www.bancadellacalce.it\/bdc\/wp-content\/uploads\/2022\/06\/Eslava_madrid.jpg?id=53352) !important;}&#8221;][vc_column width=&#8221;1\/2&#8243;][vc_empty_space height=&#8221;370px&#8221;][vc_column_text css=&#8221;.vc_custom_1654692403259{padding-top: 10px !important;padding-right: 10px !important;padding-bottom: 10px !important;padding-left: 10px !important;background-color: rgba(0,0,0,0.46) !important;*background-color: rgb(0,0,0) !important;}&#8221;]\n<h1 style=\"text-align: center;\"><span style=\"color: #ffffff;\">PASTELLONE E CANAPA <\/span><br \/>\n<span style=\"color: #ffffff;\">PHILIPPE STARCK REIMMAGINA IL<\/span><br \/>\n<span style=\"color: #ffffff;\"> TEATRO ESLAVA DI MADRID<\/span><\/h1>\n[\/vc_column_text][\/vc_column][vc_column width=&#8221;1\/2&#8243;][\/vc_column][\/vc_row][vc_row full_width=&#8221;stretch_row&#8221; css=&#8221;.vc_custom_1606830341271{background-color: #ededed !important;}&#8221;][vc_column][vc_empty_space height=&#8221;20px&#8221;][vc_column_text]\n<blockquote><p><span style=\"font-size: 18px; color: #000000;\">Una delle nostre recenti consulenze \u00e8 stata per l&#8217;architetto e designer\u00a0<span style=\"text-decoration: underline;\"><a style=\"color: #000000; text-decoration: underline;\" href=\"https:\/\/www.starck.com\/\" target=\"_blank\" rel=\"noopener\">Philippe Starck<\/a><\/span> per il suo lavoro al <span style=\"text-decoration: underline;\"><a style=\"color: #000000; text-decoration: underline;\" href=\"https:\/\/teatroeslava.com\/nosotros\/\" target=\"_blank\" rel=\"noopener\">Teatro Eslava di Madrid. <\/a><\/span>Il\u00a0<strong>nostro Pastellone a calce<\/strong>,<strong> in una particolare miscela con la canapa, \u00e8 tra i protagonisti dell&#8217;opera<\/strong> <strong>di re-immaginazione<\/strong> <strong>dello storico Teatro<\/strong> ed \u00e8 stato utilizzato per pareti e soffitti.<\/span><\/p>\n<p><span style=\"font-size: 18px; color: #000000;\">Di seguito il racconto dell&#8217;operazione realizzata e del concept artistico (<span style=\"text-decoration: underline;\"><a style=\"color: #000000; text-decoration: underline;\" href=\"https:\/\/www.starck.com\/teatro-eslava-is-opening-reimagined-by-philippe-starck-p4567\" target=\"_blank\" rel=\"noopener\">qui la versione originale dell&#8217;articolo<\/a><\/span>\u00a0e <span style=\"text-decoration: underline;\"><a style=\"color: #000000; text-decoration: underline;\" href=\"https:\/\/www.starck.com\/00DATA\/cms\/2022-teatro-eslava-press-release-en-ok.pdf\" target=\"_blank\" rel=\"noopener\">qui il comunicato stampa<\/a><\/span>): buona lettura.<\/span><\/p><\/blockquote>\n[\/vc_column_text][\/vc_column][\/vc_row][vc_row full_width=&#8221;stretch_row&#8221; css=&#8221;.vc_custom_1654692928024{background-color: #000000 !important;}&#8221;][vc_column][vc_empty_space height=&#8221;20px&#8221;][vc_column_text]<span style=\"color: #ffffff;\">Il visionario creatore francese Philippe Starck \u00e8 l&#8217;autore della completa riabilitazione dello storico locale di Madrid che torna in vita per celebrare la magia e la passione del Flamenco.<\/span><\/p>\n<p><span style=\"color: #ffffff;\">Il poliedrico e pluripremiato creatore ha sognato e concepito un luogo che incarna la crudezza e la passione di una delle arti pi\u00f9 viscerali del mondo.\u00a0Ha ripulito l&#8217;edificio esistente dalle varie stratificazioni accumulate nel tempo per arrivare all&#8217;essenziale, al suo cuore, al suo nucleo, a questo fuoco centrale, a questo grido primitivo che \u00e8 il flamenco.\u00a0Nessuna decorazione, nessun fronzolo, solo questa violenta, radicale caverna di terra rossa, rivelata dalle mille luci di fiamme magiche.<\/span><\/p>\n<p><span style=\"color: #ffffff;\">\u00abIl Teatro Eslava \u00e8 una grotta di terra rossa, illuminata da mille moderne candele. Questa privazione volontaria accoglie al suo centro il fuoco del grido primitivo che \u00e8 il flamenco. Tutta la Spagna, tutta l&#8217;Andalusia, tutta la Storia concentrata in un gesto, un suono, una forza.\u00ab, dice Starck a proposito del progetto, e aggiunge: \u00abQuesta magia \u00e8 protetta da un&#8217;inquadratura ipnotica, opera di Ara Starck, violenta astrazione, riflesso del dramma umano. Il Teatro Eslava \u00e8 un&#8217;opera d&#8217;arte completa e monolitica a gloria eterna del flamenco.\u00bb<\/span><\/p>\n<p><span style=\"color: #ffffff;\">Ovunque, le lampade Goodnight, disegnate da Starck per Kartell, ispirate alle tradizionali candele, sembrano fluttuare negli spazi simili a grotte guidando i visitatori attraverso il Teatro Eslava come punti di riferimento magici e benevoli.<\/span><\/p>\n<p><span style=\"color: #ffffff;\">\u00abIl flamenco viene dalla terra, quasi dal deserto; \u00e8 un fuoco che ti tiene caldo e affascinato. Poich\u00e9 l&#8217;emozione del flamenco \u00e8 cos\u00ec pura, cos\u00ec nuda, ho dovuto fare il meno possibile, coprendo radicalmente tutto di fango rosso. La decorazione \u00e8 debole rispetto alla bellezza assoluta e all&#8217;arte del flamenco. Ho creato il minimo una grotta con luci a lume di candela per accogliere il fuoco del flamenco\u00bb. Ph.S<\/span>[\/vc_column_text][\/vc_column][\/vc_row][vc_row full_width=&#8221;stretch_row&#8221; css=&#8221;.vc_custom_1617462683498{background-color: #000000 !important;}&#8221;][vc_column][vc_empty_space height=&#8221;16px&#8221;][vc_empty_space height=&#8221;16px&#8221;]<div class=\"vcex-image-grid-wrap clr\"><div class=\"vcex-module vcex-image-grid wpex-row wpex-clr grid-style-default wpex-lightbox-group wpex-rounded-images\"><div class=\"id-53342 vcex-image-grid-entry vcex-grid-item span_1_of_3 span_1_of_3_tl span_1_of_3_tp span_1_of_2_pl span_1_of_2_pp col  wpb_animate_when_almost_visible wpb_zoomIn zoomIn col-1\"><figure class=\"vcex-image-grid-entry-figure wpex-clr\"><div class=\"vcex-image-grid-entry-img wpex-clr\"><a href=\"https:\/\/www.bancadellacalce.it\/bdc\/wp-content\/uploads\/2022\/06\/teatro-Eslava_Madrid.jpg\" class=\"vcex-image-grid-entry-img wpex-lightbox-group-item\" data-title=\"\" data-type=\"image\"><img loading=\"lazy\" decoding=\"async\" src=\"https:\/\/www.bancadellacalce.it\/bdc\/wp-content\/uploads\/2022\/06\/teatro-Eslava_Madrid-500x500.jpg\" alt='' data-no-retina width=\"500\" height=\"500\" \/><\/a><\/div><\/figure><\/div><div class=\"id-53346 vcex-image-grid-entry vcex-grid-item span_1_of_3 span_1_of_3_tl span_1_of_3_tp span_1_of_2_pl span_1_of_2_pp col  wpb_animate_when_almost_visible wpb_zoomIn zoomIn col-2\"><figure class=\"vcex-image-grid-entry-figure wpex-clr\"><div class=\"vcex-image-grid-entry-img wpex-clr\"><a href=\"https:\/\/www.bancadellacalce.it\/bdc\/wp-content\/uploads\/2022\/06\/teatro-Eslava-Madrid-.jpg\" class=\"vcex-image-grid-entry-img wpex-lightbox-group-item\" data-title=\"\" data-type=\"image\"><img loading=\"lazy\" decoding=\"async\" src=\"https:\/\/www.bancadellacalce.it\/bdc\/wp-content\/uploads\/2022\/06\/teatro-Eslava-Madrid--500x500.jpg\" alt='' data-no-retina width=\"500\" height=\"500\" \/><\/a><\/div><\/figure><\/div><div class=\"id-53344 vcex-image-grid-entry vcex-grid-item span_1_of_3 span_1_of_3_tl span_1_of_3_tp span_1_of_2_pl span_1_of_2_pp col  wpb_animate_when_almost_visible wpb_zoomIn zoomIn col-3\"><figure class=\"vcex-image-grid-entry-figure wpex-clr\"><div class=\"vcex-image-grid-entry-img wpex-clr\"><a href=\"https:\/\/www.bancadellacalce.it\/bdc\/wp-content\/uploads\/2022\/06\/teatro-Eslava-Madrid-1.jpg\" class=\"vcex-image-grid-entry-img wpex-lightbox-group-item\" data-title=\"\" data-type=\"image\"><img loading=\"lazy\" decoding=\"async\" src=\"https:\/\/www.bancadellacalce.it\/bdc\/wp-content\/uploads\/2022\/06\/teatro-Eslava-Madrid-1-500x500.jpg\" alt='' data-no-retina width=\"500\" height=\"500\" \/><\/a><\/div><\/figure><\/div><div class=\"id-53348 vcex-image-grid-entry vcex-grid-item span_1_of_3 span_1_of_3_tl span_1_of_3_tp span_1_of_2_pl span_1_of_2_pp col  wpb_animate_when_almost_visible wpb_zoomIn zoomIn col-1\"><figure class=\"vcex-image-grid-entry-figure wpex-clr\"><div class=\"vcex-image-grid-entry-img wpex-clr\"><a href=\"https:\/\/www.bancadellacalce.it\/bdc\/wp-content\/uploads\/2022\/06\/teatro-Eslava-Madrid_.jpg\" class=\"vcex-image-grid-entry-img wpex-lightbox-group-item\" data-title=\"\" data-type=\"image\"><img loading=\"lazy\" decoding=\"async\" src=\"https:\/\/www.bancadellacalce.it\/bdc\/wp-content\/uploads\/2022\/06\/teatro-Eslava-Madrid_-500x500.jpg\" alt='' data-no-retina width=\"500\" height=\"500\" \/><\/a><\/div><\/figure><\/div><div class=\"id-53340 vcex-image-grid-entry vcex-grid-item span_1_of_3 span_1_of_3_tl span_1_of_3_tp span_1_of_2_pl span_1_of_2_pp col  wpb_animate_when_almost_visible wpb_zoomIn zoomIn col-2\"><figure class=\"vcex-image-grid-entry-figure wpex-clr\"><div class=\"vcex-image-grid-entry-img wpex-clr\"><a href=\"https:\/\/www.bancadellacalce.it\/bdc\/wp-content\/uploads\/2022\/06\/teatro-Eslava-Madrid.jpg\" class=\"vcex-image-grid-entry-img wpex-lightbox-group-item\" data-title=\"\" data-type=\"image\"><img loading=\"lazy\" decoding=\"async\" src=\"https:\/\/www.bancadellacalce.it\/bdc\/wp-content\/uploads\/2022\/06\/teatro-Eslava-Madrid-500x500.jpg\" alt='' data-no-retina width=\"500\" height=\"500\" \/><\/a><\/div><\/figure><\/div><div class=\"id-53350 vcex-image-grid-entry vcex-grid-item span_1_of_3 span_1_of_3_tl span_1_of_3_tp span_1_of_2_pl span_1_of_2_pp col  wpb_animate_when_almost_visible wpb_zoomIn zoomIn col-3\"><figure class=\"vcex-image-grid-entry-figure wpex-clr\"><div class=\"vcex-image-grid-entry-img wpex-clr\"><a href=\"https:\/\/www.bancadellacalce.it\/bdc\/wp-content\/uploads\/2022\/06\/teatro-Eslava-Madrid_pastellone.jpg\" class=\"vcex-image-grid-entry-img wpex-lightbox-group-item\" data-title=\"\" data-type=\"image\"><img loading=\"lazy\" decoding=\"async\" src=\"https:\/\/www.bancadellacalce.it\/bdc\/wp-content\/uploads\/2022\/06\/teatro-Eslava-Madrid_pastellone-500x500.jpg\" alt='' data-no-retina width=\"500\" height=\"500\" \/><\/a><\/div><\/figure><\/div><\/div><\/div>[vc_empty_space height=&#8221;16px&#8221;][\/vc_column][\/vc_row][vc_row][vc_column][\/vc_column][\/vc_row][vc_row][vc_column width=&#8221;1\/2&#8243;][vc_empty_space height=&#8221;16px&#8221;][vc_btn title=&#8221;SCOPRI DI PI\u00d9 SUL PASTELLONE&#8221; color=&#8221;black&#8221; size=&#8221;lg&#8221; align=&#8221;center&#8221; button_block=&#8221;true&#8221; link=&#8221;url:https%3A%2F%2Fwww.bancadellacalce.it%2Fbdc%2Fprodotti-bdc%2Fpastellone%2F|target:_blank&#8221;][\/vc_column][vc_column width=&#8221;1\/2&#8243;][vc_empty_space height=&#8221;16px&#8221;][vc_btn title=&#8221;CONTATTACI PER TUTTE LE INFO&#8221; color=&#8221;black&#8221; size=&#8221;lg&#8221; align=&#8221;center&#8221; button_block=&#8221;true&#8221; link=&#8221;url:https%3A%2F%2Fwww.bancadellacalce.it%2Fbdc%2Fcalcequalita%2Fcontatti%2F|target:_blank&#8221;][\/vc_column][\/vc_row][vc_column][\/vc_column][vc_column][\/vc_column]\n<\/section>","protected":false},"excerpt":{"rendered":"<p>Il nostro Pastellone, in una particolare miscela con la canapa, \u00e8 tra i protagonisti dell&#8217;ultimo lavoro di Philippe Starck per il Teatro Eslava di Madrid.<\/p>\n","protected":false},"author":9,"featured_media":53352,"comment_status":"closed","ping_status":"open","sticky":false,"template":"","format":"standard","meta":{"_joinchat":[],"footnotes":""},"categories":[79,88],"tags":[119,453,335,454,452],"post_series":[103],"class_list":["post-53327","post","type-post","status-publish","format-standard","has-post-thumbnail","hentry","category-bancadellacalce","category-calcequalita","tag-calce","tag-madrid","tag-pastellone","tag-philippe-starck","tag-teatro-eslava","post_series-news","entry","has-media"],"yoast_head":"<!-- This site is optimized with the Yoast SEO plugin v27.4 - https:\/\/yoast.com\/product\/yoast-seo-wordpress\/ -->\n<title>Il nostro Pastellone al Teatro Eslava di Madrid | Banca della Calce<\/title>\n<meta name=\"description\" content=\"Il nostro Pastellone, in una particolare miscela con la canapa, \u00e8 tra i protagonisti dell&#039;ultimo lavoro di Philippe Starck al Teatro Eslava di Madrid\" \/>\n<meta name=\"robots\" content=\"index, follow, max-snippet:-1, max-image-preview:large, max-video-preview:-1\" \/>\n<link rel=\"canonical\" href=\"https:\/\/www.bancadellacalce.it\/bdc\/pastellone-e-canapa-philippe-starck-reimmagina-il-teatro-eslava-di-madrid\/\" \/>\n<meta property=\"og:locale\" content=\"it_IT\" \/>\n<meta property=\"og:type\" content=\"article\" \/>\n<meta property=\"og:title\" content=\"Il nostro Pastellone al Teatro Eslava di Madrid | Banca della Calce\" \/>\n<meta property=\"og:description\" content=\"Il nostro Pastellone, in una particolare miscela con la canapa, \u00e8 tra i protagonisti dell&#039;ultimo lavoro di Philippe Starck per il Teatro Eslava di Madrid\" \/>\n<meta property=\"og:url\" content=\"https:\/\/www.bancadellacalce.it\/bdc\/pastellone-e-canapa-philippe-starck-reimmagina-il-teatro-eslava-di-madrid\/\" \/>\n<meta property=\"og:site_name\" content=\"La banca della calce\" \/>\n<meta property=\"article:publisher\" content=\"https:\/\/www.facebook.com\/La-Banca-della-Calce-223667067649398\/\" \/>\n<meta property=\"article:published_time\" content=\"2022-06-08T09:51:56+00:00\" \/>\n<meta property=\"article:modified_time\" content=\"2026-04-07T13:39:56+00:00\" \/>\n<meta property=\"og:image\" content=\"https:\/\/www.bancadellacalce.it\/bdc\/wp-content\/uploads\/2022\/06\/Eslava_madrid.jpg\" \/>\n\t<meta property=\"og:image:width\" content=\"1440\" \/>\n\t<meta property=\"og:image:height\" content=\"675\" \/>\n\t<meta property=\"og:image:type\" content=\"image\/jpeg\" \/>\n<meta name=\"author\" content=\"Ilenia Ucci\" \/>\n<meta name=\"twitter:card\" content=\"summary_large_image\" \/>\n<meta name=\"twitter:label1\" content=\"Scritto da\" \/>\n\t<meta name=\"twitter:data1\" content=\"Ilenia Ucci\" \/>\n\t<meta name=\"twitter:label2\" content=\"Tempo di lettura stimato\" \/>\n\t<meta name=\"twitter:data2\" content=\"3 minuti\" \/>\n<script type=\"application\/ld+json\" class=\"yoast-schema-graph\">{\"@context\":\"https:\\\/\\\/schema.org\",\"@graph\":[{\"@type\":\"Article\",\"@id\":\"https:\\\/\\\/www.bancadellacalce.it\\\/bdc\\\/pastellone-e-canapa-philippe-starck-reimmagina-il-teatro-eslava-di-madrid\\\/#article\",\"isPartOf\":{\"@id\":\"https:\\\/\\\/www.bancadellacalce.it\\\/bdc\\\/pastellone-e-canapa-philippe-starck-reimmagina-il-teatro-eslava-di-madrid\\\/\"},\"author\":{\"name\":\"Ilenia Ucci\",\"@id\":\"https:\\\/\\\/www.bancadellacalce.it\\\/bdc\\\/#\\\/schema\\\/person\\\/7e39c782e7b64a205b9a5f3bfdf5cf7b\"},\"headline\":\"PASTELLONE E CANAPA &#8211; PHILIPPE STARCK REIMMAGINA IL TEATRO ESLAVA DI MADRID\",\"datePublished\":\"2022-06-08T09:51:56+00:00\",\"dateModified\":\"2026-04-07T13:39:56+00:00\",\"mainEntityOfPage\":{\"@id\":\"https:\\\/\\\/www.bancadellacalce.it\\\/bdc\\\/pastellone-e-canapa-philippe-starck-reimmagina-il-teatro-eslava-di-madrid\\\/\"},\"wordCount\":675,\"publisher\":{\"@id\":\"https:\\\/\\\/www.bancadellacalce.it\\\/bdc\\\/#organization\"},\"image\":{\"@id\":\"https:\\\/\\\/www.bancadellacalce.it\\\/bdc\\\/pastellone-e-canapa-philippe-starck-reimmagina-il-teatro-eslava-di-madrid\\\/#primaryimage\"},\"thumbnailUrl\":\"https:\\\/\\\/www.bancadellacalce.it\\\/bdc\\\/wp-content\\\/uploads\\\/2022\\\/06\\\/Eslava_madrid.jpg\",\"keywords\":[\"calce\",\"Madrid\",\"pastellone\",\"Philippe Starck\",\"Teatro Eslava\"],\"articleSection\":[\"Banca della Calce\",\"CalceQualit\u00e0\"],\"inLanguage\":\"it-IT\"},{\"@type\":\"WebPage\",\"@id\":\"https:\\\/\\\/www.bancadellacalce.it\\\/bdc\\\/pastellone-e-canapa-philippe-starck-reimmagina-il-teatro-eslava-di-madrid\\\/\",\"url\":\"https:\\\/\\\/www.bancadellacalce.it\\\/bdc\\\/pastellone-e-canapa-philippe-starck-reimmagina-il-teatro-eslava-di-madrid\\\/\",\"name\":\"Il nostro Pastellone al Teatro Eslava di Madrid | Banca della Calce\",\"isPartOf\":{\"@id\":\"https:\\\/\\\/www.bancadellacalce.it\\\/bdc\\\/#website\"},\"primaryImageOfPage\":{\"@id\":\"https:\\\/\\\/www.bancadellacalce.it\\\/bdc\\\/pastellone-e-canapa-philippe-starck-reimmagina-il-teatro-eslava-di-madrid\\\/#primaryimage\"},\"image\":{\"@id\":\"https:\\\/\\\/www.bancadellacalce.it\\\/bdc\\\/pastellone-e-canapa-philippe-starck-reimmagina-il-teatro-eslava-di-madrid\\\/#primaryimage\"},\"thumbnailUrl\":\"https:\\\/\\\/www.bancadellacalce.it\\\/bdc\\\/wp-content\\\/uploads\\\/2022\\\/06\\\/Eslava_madrid.jpg\",\"datePublished\":\"2022-06-08T09:51:56+00:00\",\"dateModified\":\"2026-04-07T13:39:56+00:00\",\"description\":\"Il nostro Pastellone, in una particolare miscela con la canapa, \u00e8 tra i protagonisti dell'ultimo lavoro di Philippe Starck al Teatro Eslava di Madrid\",\"breadcrumb\":{\"@id\":\"https:\\\/\\\/www.bancadellacalce.it\\\/bdc\\\/pastellone-e-canapa-philippe-starck-reimmagina-il-teatro-eslava-di-madrid\\\/#breadcrumb\"},\"inLanguage\":\"it-IT\",\"potentialAction\":[{\"@type\":\"ReadAction\",\"target\":[\"https:\\\/\\\/www.bancadellacalce.it\\\/bdc\\\/pastellone-e-canapa-philippe-starck-reimmagina-il-teatro-eslava-di-madrid\\\/\"]}]},{\"@type\":\"ImageObject\",\"inLanguage\":\"it-IT\",\"@id\":\"https:\\\/\\\/www.bancadellacalce.it\\\/bdc\\\/pastellone-e-canapa-philippe-starck-reimmagina-il-teatro-eslava-di-madrid\\\/#primaryimage\",\"url\":\"https:\\\/\\\/www.bancadellacalce.it\\\/bdc\\\/wp-content\\\/uploads\\\/2022\\\/06\\\/Eslava_madrid.jpg\",\"contentUrl\":\"https:\\\/\\\/www.bancadellacalce.it\\\/bdc\\\/wp-content\\\/uploads\\\/2022\\\/06\\\/Eslava_madrid.jpg\",\"width\":1440,\"height\":675},{\"@type\":\"BreadcrumbList\",\"@id\":\"https:\\\/\\\/www.bancadellacalce.it\\\/bdc\\\/pastellone-e-canapa-philippe-starck-reimmagina-il-teatro-eslava-di-madrid\\\/#breadcrumb\",\"itemListElement\":[{\"@type\":\"ListItem\",\"position\":1,\"name\":\"Home\",\"item\":\"https:\\\/\\\/www.bancadellacalce.it\\\/bdc\\\/\"},{\"@type\":\"ListItem\",\"position\":2,\"name\":\"PASTELLONE E CANAPA &#8211; PHILIPPE STARCK REIMMAGINA IL TEATRO ESLAVA DI MADRID\"}]},{\"@type\":\"WebSite\",\"@id\":\"https:\\\/\\\/www.bancadellacalce.it\\\/bdc\\\/#website\",\"url\":\"https:\\\/\\\/www.bancadellacalce.it\\\/bdc\\\/\",\"name\":\"La banca della calce\",\"description\":\"Costruire per natura\",\"publisher\":{\"@id\":\"https:\\\/\\\/www.bancadellacalce.it\\\/bdc\\\/#organization\"},\"potentialAction\":[{\"@type\":\"SearchAction\",\"target\":{\"@type\":\"EntryPoint\",\"urlTemplate\":\"https:\\\/\\\/www.bancadellacalce.it\\\/bdc\\\/?s={search_term_string}\"},\"query-input\":{\"@type\":\"PropertyValueSpecification\",\"valueRequired\":true,\"valueName\":\"search_term_string\"}}],\"inLanguage\":\"it-IT\"},{\"@type\":\"Organization\",\"@id\":\"https:\\\/\\\/www.bancadellacalce.it\\\/bdc\\\/#organization\",\"name\":\"La Banca della Calce\",\"url\":\"https:\\\/\\\/www.bancadellacalce.it\\\/bdc\\\/\",\"logo\":{\"@type\":\"ImageObject\",\"inLanguage\":\"it-IT\",\"@id\":\"https:\\\/\\\/www.bancadellacalce.it\\\/bdc\\\/#\\\/schema\\\/logo\\\/image\\\/\",\"url\":\"https:\\\/\\\/www.bancadellacalce.it\\\/bdc\\\/wp-content\\\/uploads\\\/2016\\\/01\\\/logo-labancadellacalce.png\",\"contentUrl\":\"https:\\\/\\\/www.bancadellacalce.it\\\/bdc\\\/wp-content\\\/uploads\\\/2016\\\/01\\\/logo-labancadellacalce.png\",\"width\":729,\"height\":125,\"caption\":\"La Banca della Calce\"},\"image\":{\"@id\":\"https:\\\/\\\/www.bancadellacalce.it\\\/bdc\\\/#\\\/schema\\\/logo\\\/image\\\/\"},\"sameAs\":[\"https:\\\/\\\/www.facebook.com\\\/La-Banca-della-Calce-223667067649398\\\/\",\"https:\\\/\\\/www.instagram.com\\\/labancadellacalce\\\/\",\"https:\\\/\\\/www.linkedin.com\\\/company\\\/19183447\"]},{\"@type\":\"Person\",\"@id\":\"https:\\\/\\\/www.bancadellacalce.it\\\/bdc\\\/#\\\/schema\\\/person\\\/7e39c782e7b64a205b9a5f3bfdf5cf7b\",\"name\":\"Ilenia Ucci\",\"image\":{\"@type\":\"ImageObject\",\"inLanguage\":\"it-IT\",\"@id\":\"https:\\\/\\\/secure.gravatar.com\\\/avatar\\\/8c435332674f736442af24b7b4d565dd487c9cbb9816964ac5e67d45da94fd6b?s=96&d=mm&r=g\",\"url\":\"https:\\\/\\\/secure.gravatar.com\\\/avatar\\\/8c435332674f736442af24b7b4d565dd487c9cbb9816964ac5e67d45da94fd6b?s=96&d=mm&r=g\",\"contentUrl\":\"https:\\\/\\\/secure.gravatar.com\\\/avatar\\\/8c435332674f736442af24b7b4d565dd487c9cbb9816964ac5e67d45da94fd6b?s=96&d=mm&r=g\",\"caption\":\"Ilenia Ucci\"},\"url\":\"https:\\\/\\\/www.bancadellacalce.it\\\/bdc\\\/author\\\/elena\\\/\"}]}<\/script>\n<!-- \/ Yoast SEO plugin. -->","yoast_head_json":{"title":"Il nostro Pastellone al Teatro Eslava di Madrid | Banca della Calce","description":"Il nostro Pastellone, in una particolare miscela con la canapa, \u00e8 tra i protagonisti dell'ultimo lavoro di Philippe Starck al Teatro Eslava di Madrid","robots":{"index":"index","follow":"follow","max-snippet":"max-snippet:-1","max-image-preview":"max-image-preview:large","max-video-preview":"max-video-preview:-1"},"canonical":"https:\/\/www.bancadellacalce.it\/bdc\/pastellone-e-canapa-philippe-starck-reimmagina-il-teatro-eslava-di-madrid\/","og_locale":"it_IT","og_type":"article","og_title":"Il nostro Pastellone al Teatro Eslava di Madrid | Banca della Calce","og_description":"Il nostro Pastellone, in una particolare miscela con la canapa, \u00e8 tra i protagonisti dell'ultimo lavoro di Philippe Starck per il Teatro Eslava di Madrid","og_url":"https:\/\/www.bancadellacalce.it\/bdc\/pastellone-e-canapa-philippe-starck-reimmagina-il-teatro-eslava-di-madrid\/","og_site_name":"La banca della calce","article_publisher":"https:\/\/www.facebook.com\/La-Banca-della-Calce-223667067649398\/","article_published_time":"2022-06-08T09:51:56+00:00","article_modified_time":"2026-04-07T13:39:56+00:00","og_image":[{"width":1440,"height":675,"url":"https:\/\/www.bancadellacalce.it\/bdc\/wp-content\/uploads\/2022\/06\/Eslava_madrid.jpg","type":"image\/jpeg"}],"author":"Ilenia Ucci","twitter_card":"summary_large_image","twitter_misc":{"Scritto da":"Ilenia Ucci","Tempo di lettura stimato":"3 minuti"},"schema":{"@context":"https:\/\/schema.org","@graph":[{"@type":"Article","@id":"https:\/\/www.bancadellacalce.it\/bdc\/pastellone-e-canapa-philippe-starck-reimmagina-il-teatro-eslava-di-madrid\/#article","isPartOf":{"@id":"https:\/\/www.bancadellacalce.it\/bdc\/pastellone-e-canapa-philippe-starck-reimmagina-il-teatro-eslava-di-madrid\/"},"author":{"name":"Ilenia Ucci","@id":"https:\/\/www.bancadellacalce.it\/bdc\/#\/schema\/person\/7e39c782e7b64a205b9a5f3bfdf5cf7b"},"headline":"PASTELLONE E CANAPA &#8211; PHILIPPE STARCK REIMMAGINA IL TEATRO ESLAVA DI MADRID","datePublished":"2022-06-08T09:51:56+00:00","dateModified":"2026-04-07T13:39:56+00:00","mainEntityOfPage":{"@id":"https:\/\/www.bancadellacalce.it\/bdc\/pastellone-e-canapa-philippe-starck-reimmagina-il-teatro-eslava-di-madrid\/"},"wordCount":675,"publisher":{"@id":"https:\/\/www.bancadellacalce.it\/bdc\/#organization"},"image":{"@id":"https:\/\/www.bancadellacalce.it\/bdc\/pastellone-e-canapa-philippe-starck-reimmagina-il-teatro-eslava-di-madrid\/#primaryimage"},"thumbnailUrl":"https:\/\/www.bancadellacalce.it\/bdc\/wp-content\/uploads\/2022\/06\/Eslava_madrid.jpg","keywords":["calce","Madrid","pastellone","Philippe Starck","Teatro Eslava"],"articleSection":["Banca della Calce","CalceQualit\u00e0"],"inLanguage":"it-IT"},{"@type":"WebPage","@id":"https:\/\/www.bancadellacalce.it\/bdc\/pastellone-e-canapa-philippe-starck-reimmagina-il-teatro-eslava-di-madrid\/","url":"https:\/\/www.bancadellacalce.it\/bdc\/pastellone-e-canapa-philippe-starck-reimmagina-il-teatro-eslava-di-madrid\/","name":"Il nostro Pastellone al Teatro Eslava di Madrid | Banca della Calce","isPartOf":{"@id":"https:\/\/www.bancadellacalce.it\/bdc\/#website"},"primaryImageOfPage":{"@id":"https:\/\/www.bancadellacalce.it\/bdc\/pastellone-e-canapa-philippe-starck-reimmagina-il-teatro-eslava-di-madrid\/#primaryimage"},"image":{"@id":"https:\/\/www.bancadellacalce.it\/bdc\/pastellone-e-canapa-philippe-starck-reimmagina-il-teatro-eslava-di-madrid\/#primaryimage"},"thumbnailUrl":"https:\/\/www.bancadellacalce.it\/bdc\/wp-content\/uploads\/2022\/06\/Eslava_madrid.jpg","datePublished":"2022-06-08T09:51:56+00:00","dateModified":"2026-04-07T13:39:56+00:00","description":"Il nostro Pastellone, in una particolare miscela con la canapa, \u00e8 tra i protagonisti dell'ultimo lavoro di Philippe Starck al Teatro Eslava di Madrid","breadcrumb":{"@id":"https:\/\/www.bancadellacalce.it\/bdc\/pastellone-e-canapa-philippe-starck-reimmagina-il-teatro-eslava-di-madrid\/#breadcrumb"},"inLanguage":"it-IT","potentialAction":[{"@type":"ReadAction","target":["https:\/\/www.bancadellacalce.it\/bdc\/pastellone-e-canapa-philippe-starck-reimmagina-il-teatro-eslava-di-madrid\/"]}]},{"@type":"ImageObject","inLanguage":"it-IT","@id":"https:\/\/www.bancadellacalce.it\/bdc\/pastellone-e-canapa-philippe-starck-reimmagina-il-teatro-eslava-di-madrid\/#primaryimage","url":"https:\/\/www.bancadellacalce.it\/bdc\/wp-content\/uploads\/2022\/06\/Eslava_madrid.jpg","contentUrl":"https:\/\/www.bancadellacalce.it\/bdc\/wp-content\/uploads\/2022\/06\/Eslava_madrid.jpg","width":1440,"height":675},{"@type":"BreadcrumbList","@id":"https:\/\/www.bancadellacalce.it\/bdc\/pastellone-e-canapa-philippe-starck-reimmagina-il-teatro-eslava-di-madrid\/#breadcrumb","itemListElement":[{"@type":"ListItem","position":1,"name":"Home","item":"https:\/\/www.bancadellacalce.it\/bdc\/"},{"@type":"ListItem","position":2,"name":"PASTELLONE E CANAPA &#8211; PHILIPPE STARCK REIMMAGINA IL TEATRO ESLAVA DI MADRID"}]},{"@type":"WebSite","@id":"https:\/\/www.bancadellacalce.it\/bdc\/#website","url":"https:\/\/www.bancadellacalce.it\/bdc\/","name":"La banca della calce","description":"Costruire per natura","publisher":{"@id":"https:\/\/www.bancadellacalce.it\/bdc\/#organization"},"potentialAction":[{"@type":"SearchAction","target":{"@type":"EntryPoint","urlTemplate":"https:\/\/www.bancadellacalce.it\/bdc\/?s={search_term_string}"},"query-input":{"@type":"PropertyValueSpecification","valueRequired":true,"valueName":"search_term_string"}}],"inLanguage":"it-IT"},{"@type":"Organization","@id":"https:\/\/www.bancadellacalce.it\/bdc\/#organization","name":"La Banca della Calce","url":"https:\/\/www.bancadellacalce.it\/bdc\/","logo":{"@type":"ImageObject","inLanguage":"it-IT","@id":"https:\/\/www.bancadellacalce.it\/bdc\/#\/schema\/logo\/image\/","url":"https:\/\/www.bancadellacalce.it\/bdc\/wp-content\/uploads\/2016\/01\/logo-labancadellacalce.png","contentUrl":"https:\/\/www.bancadellacalce.it\/bdc\/wp-content\/uploads\/2016\/01\/logo-labancadellacalce.png","width":729,"height":125,"caption":"La Banca della Calce"},"image":{"@id":"https:\/\/www.bancadellacalce.it\/bdc\/#\/schema\/logo\/image\/"},"sameAs":["https:\/\/www.facebook.com\/La-Banca-della-Calce-223667067649398\/","https:\/\/www.instagram.com\/labancadellacalce\/","https:\/\/www.linkedin.com\/company\/19183447"]},{"@type":"Person","@id":"https:\/\/www.bancadellacalce.it\/bdc\/#\/schema\/person\/7e39c782e7b64a205b9a5f3bfdf5cf7b","name":"Ilenia Ucci","image":{"@type":"ImageObject","inLanguage":"it-IT","@id":"https:\/\/secure.gravatar.com\/avatar\/8c435332674f736442af24b7b4d565dd487c9cbb9816964ac5e67d45da94fd6b?s=96&d=mm&r=g","url":"https:\/\/secure.gravatar.com\/avatar\/8c435332674f736442af24b7b4d565dd487c9cbb9816964ac5e67d45da94fd6b?s=96&d=mm&r=g","contentUrl":"https:\/\/secure.gravatar.com\/avatar\/8c435332674f736442af24b7b4d565dd487c9cbb9816964ac5e67d45da94fd6b?s=96&d=mm&r=g","caption":"Ilenia Ucci"},"url":"https:\/\/www.bancadellacalce.it\/bdc\/author\/elena\/"}]}},"_links":{"self":[{"href":"https:\/\/www.bancadellacalce.it\/bdc\/wp-json\/wp\/v2\/posts\/53327","targetHints":{"allow":["GET"]}}],"collection":[{"href":"https:\/\/www.bancadellacalce.it\/bdc\/wp-json\/wp\/v2\/posts"}],"about":[{"href":"https:\/\/www.bancadellacalce.it\/bdc\/wp-json\/wp\/v2\/types\/post"}],"author":[{"embeddable":true,"href":"https:\/\/www.bancadellacalce.it\/bdc\/wp-json\/wp\/v2\/users\/9"}],"replies":[{"embeddable":true,"href":"https:\/\/www.bancadellacalce.it\/bdc\/wp-json\/wp\/v2\/comments?post=53327"}],"version-history":[{"count":3,"href":"https:\/\/www.bancadellacalce.it\/bdc\/wp-json\/wp\/v2\/posts\/53327\/revisions"}],"predecessor-version":[{"id":84579,"href":"https:\/\/www.bancadellacalce.it\/bdc\/wp-json\/wp\/v2\/posts\/53327\/revisions\/84579"}],"wp:featuredmedia":[{"embeddable":true,"href":"https:\/\/www.bancadellacalce.it\/bdc\/wp-json\/wp\/v2\/media\/53352"}],"wp:attachment":[{"href":"https:\/\/www.bancadellacalce.it\/bdc\/wp-json\/wp\/v2\/media?parent=53327"}],"wp:term":[{"taxonomy":"category","embeddable":true,"href":"https:\/\/www.bancadellacalce.it\/bdc\/wp-json\/wp\/v2\/categories?post=53327"},{"taxonomy":"post_tag","embeddable":true,"href":"https:\/\/www.bancadellacalce.it\/bdc\/wp-json\/wp\/v2\/tags?post=53327"},{"taxonomy":"post_series","embeddable":true,"href":"https:\/\/www.bancadellacalce.it\/bdc\/wp-json\/wp\/v2\/post_series?post=53327"}],"curies":[{"name":"wp","href":"https:\/\/api.w.org\/{rel}","templated":true}]}}