{"id":39911,"date":"2021-06-25T19:23:29","date_gmt":"2021-06-25T17:23:29","guid":{"rendered":"https:\/\/www.bancadellacalce.it\/bdc\/?p=39911"},"modified":"2022-05-31T17:31:31","modified_gmt":"2022-05-31T15:31:31","slug":"storie-di-calce22-il-racconto-di-chiara","status":"publish","type":"post","link":"https:\/\/www.bancadellacalce.it\/bdc\/storie-di-calce22-il-racconto-di-chiara\/","title":{"rendered":"STORIE DI CALCE#22: IL RACCONTO DI CHIARA"},"content":{"rendered":"<section class=\"wpb-content-wrapper\">[vc_row full_width=&#8221;stretch_row&#8221; css=&#8221;.vc_custom_1624614466967{background-image: url(https:\/\/www.bancadellacalce.it\/bdc\/wp-content\/uploads\/2021\/06\/calcecanapa_todi.jpg?id=39924) !important;background-position: center !important;background-repeat: no-repeat !important;background-size: cover !important;}&#8221; min_height=&#8221;650&#8243;][vc_column width=&#8221;1\/2&#8243;][vc_empty_space height=&#8221;320px&#8221;][vc_column_text css=&#8221;.vc_custom_1624617058321{padding-top: 10px !important;padding-right: 10px !important;padding-bottom: 10px !important;padding-left: 10px !important;background-color: rgba(255,255,255,0.36) !important;*background-color: rgb(255,255,255) !important;}&#8221;]\n<h1 style=\"text-align: center;\">STORIE DI CALCE#22:<br \/>\nDALLA PROVINCIA DI PERUGIA,<br \/>\nIL RACCONTO DI CHIARA<\/h1>\n[\/vc_column_text][\/vc_column][vc_column width=&#8221;1\/2&#8243;][\/vc_column][\/vc_row][vc_row full_width=&#8221;stretch_row&#8221; css=&#8221;.vc_custom_1574619435619{background-color: #ededed !important;}&#8221;][vc_column][vc_empty_space height=&#8221;16px&#8221;][vc_column_text]Con Storie di Calce raccontiamo le esperienze di clienti, appassionati e di tutti coloro che lavorano con la calce. Spunti, aneddoti e, perch\u00e9 no, qualche esempio delle realizzazioni possibili con i nostri materiali.<\/p>\n<p>Per questo appuntamento abbiamo chiesto a<strong> Chiara Ortolani, <\/strong>del progetto <span style=\"text-decoration: underline;\"><a href=\"http:\/\/www.lamalcontentaeillupo.com\/\" target=\"_blank\" rel=\"noopener noreferrer\"><strong>La malcontenta e il lupo<\/strong><\/a><\/span>, agriturismo e azienda agricola nelle campagne di Todi (PG), di raccontarci la sua esperienza: gli stabili sono stati ristrutturati utilizzando i nostri materiali, dal Blick alle tinte a calce, passando per il pastellone.<\/p>\n<p>Cogliamo l&#8217;occasione per ringraziarla tanto per la disponibilit\u00e0.<br \/>\nBuona lettura![\/vc_column_text][\/vc_column][\/vc_row][vc_row][vc_column][vc_column_text]\n<blockquote><p>&nbsp;<\/p><\/blockquote>\n<h3><span style=\"color: #000000;\">Perch\u00e9 la scelta della calce e dei materiali naturali?<\/span><\/h3>\n<blockquote><p><span style=\"color: #000000;\"><span style=\"font-weight: 400;\">L&#8217;agriturismo <a style=\"color: #000000;\" href=\"http:\/\/www.lamalcontentaeillupo.com\/\" target=\"_blank\" rel=\"noopener noreferrer\"><span style=\"text-decoration: underline;\"><em><strong>La Malcontenta e il lupo<\/strong><\/em><\/span><\/a> sorge su una propriet\u00e0 di circa 15 ettari, in cui \u00e8 presente l\u2019azienda agricola biologica che si occupa della produzione di olio extravergine di oliva e tartufi. Il progetto generale \u00e8 complesso e ambizioso: l&#8217;idea \u00e8 quella di creare una struttura che si inserisca perfettamente all&#8217;interno della riserva naturale, per apprezzare e imparare a conoscere la natura ed il mondo animale. L&#8217;obiettivo \u00e8 quello di sviluppare un<strong> piccolo borgo completamente autosufficiente dal punto di vista energetico<\/strong>.\u00a0<\/span>Perci\u00f2, quando abbiamo iniziato a pensare alla ristrutturazione degli edifici, <strong>ho sentito il dovere di rispettare il contesto e lo spirito dello stabile<\/strong>; ho iniziato, quindi, a cercare <strong>materiali adatti e compatibili con gli originali<\/strong> e ho trovato la Banca della Calce, che mi \u00e8 sembrata sin da subito la soluzione pi\u00f9 adatta alle mie esigenze.<\/span><\/p>\n<p>&nbsp;<\/p><\/blockquote>\n<h3><span style=\"color: #000000;\">Che prodotti avete usato e come?<\/span><\/h3>\n<blockquote><p><span style=\"font-weight: 400; color: #000000;\"><span style=\"text-decoration: underline;\"><strong><a style=\"color: #000000; text-decoration: underline;\" href=\"https:\/\/www.bancadellacalce.it\/bdc\/prodotti-bdc\/blick-calce-canapa\/\" target=\"_blank\" rel=\"noopener noreferrer\">CalceCanapa\u00ae Blick<\/a><\/strong><\/span><strong>, <\/strong><span style=\"text-decoration: underline;\"><a style=\"color: #000000; text-decoration: underline;\" href=\"https:\/\/www.bancadellacalce.it\/PDF\/calcecanapa\/Calcecanapa_BLICK_GLUE.pdf\" target=\"_blank\" rel=\"noopener noreferrer\"><strong>CalceCanapa\u00ae Blick Glue<\/strong><\/a><\/span>, <span style=\"text-decoration: underline;\"><a style=\"color: #000000; text-decoration: underline;\" href=\"https:\/\/www.bancadellacalce.it\/bdc\/prodotti-bdc\/intonaco\/\" target=\"_blank\" rel=\"noopener noreferrer\"><strong>CalceCanapa\u00ae Intonaco<\/strong><\/a> <\/span>e <span style=\"text-decoration: underline;\"><strong><a style=\"color: #000000; text-decoration: underline;\" href=\"https:\/\/www.bancadellacalce.it\/bdc\/prodotti-bdc\/finitura\/\" target=\"_blank\" rel=\"noopener noreferrer\">CalceCanapa\u00ae Finitura<\/a> <\/strong><\/span>in esterno per <strong>isolare termicamente<\/strong> lo stabile. Per le<strong> pareti interne<\/strong>, invece, abbiamo utilizzato \u00a0le <span style=\"text-decoration: underline;\"><strong><a style=\"color: #000000; text-decoration: underline;\" href=\"https:\/\/www.bancadellacalce.it\/bdc\/calcelatte\/#tinte\" target=\"_blank\" rel=\"noopener noreferrer\">tinte a calce<\/a><\/strong><\/span> e il <strong><span style=\"text-decoration: underline;\"><a style=\"color: #000000; text-decoration: underline;\" href=\"https:\/\/www.bancadellacalce.it\/bdc\/prodotto\/fondo-aggrappante\/\" target=\"_blank\" rel=\"noopener noreferrer\">Fondo Aggrappante<\/a> <\/span><\/strong>della linea <span style=\"text-decoration: underline;\"><strong><a style=\"color: #000000; text-decoration: underline;\" href=\"https:\/\/www.bancadellacalce.it\/bdc\/calcelatte\/\" target=\"_blank\" rel=\"noopener noreferrer\">CalceLatte<\/a><\/strong><\/span>. Infine, abbiamo realizzato un bagno interamente in <span style=\"text-decoration: underline;\"><strong><a style=\"color: #000000; text-decoration: underline;\" href=\"https:\/\/www.bancadellacalce.it\/bdc\/prodotti-bdc\/pastellone\/\" target=\"_blank\" rel=\"noopener noreferrer\">Pastellone<\/a><\/strong><\/span>.<\/span><\/p>\n<p><span style=\"font-weight: 400; color: #000000;\">Il risultato \u00e8 ottimo, soprattutto per il bagno sul quale avevamo pi\u00f9 perplessit\u00e0. Tutte le parti soggette a umidit\u00e0 (lavabo, doccia) sono state rivestite con cera idrorepellente e non abbiamo avuto alcun tipo di problema, grazie anche ai consigli preziosi che ci hanno dati i tecnici di Banca della Calce e all&#8217;ottimo lavoro fatto dal <strong>Geometra Carlo Pizzichini<\/strong> e dalle due ditte che hanno seguito la ristrutturazione e la posa, <strong>Piero e Luca Spadini<\/strong> e <strong>Il Casale<\/strong>. Ci tengo a ringraziarli molto perch\u00e9 non \u00e8 semplice trovare delle imprese disposte a mettersi in gioco e imparare a utilizzare i materiali naturali che sono molto particolari e ancora poco diffusi.<\/span><\/p><\/blockquote>\n[\/vc_column_text][vc_column_text]\n<h3><span style=\"color: #000000;\">Ci racconti il\u00a0 cantiere<\/span><\/h3>\n<blockquote><p><span style=\"font-weight: 400; color: #000000;\">L&#8217;agriturismo e l&#8217;azienda agricola si trovano in aperta campagna nel comune di Todi e gli edifici risalgono al 1800. Per il momento siamo intervenuti sul vecchio fienile e sul casolare e abbiamo in progetto di restaurare anche l&#8217;essiccatoio. Come ho gi\u00e0 detto, il nostro obiettivo era quello di <strong>intervenire rispettando il pi\u00f9 possibile la struttura e i materiali originali<\/strong>; non volevamo assolutamente usare prodotti &#8220;industriali&#8221;. Perci\u00f2 la guida e il supporto dei tecnici di Banca della Calce sono stati indispensabili sia nella scelta dei materiali pi\u00f9 adatti e sia nella loro applicazione corretta. Ho apprezzato particolarmente <strong>l&#8217;approccio di Banca della Calce che non vende solamente dei prodotti, ma cerca anche di fare cultura e informazioni sull&#8217;uso dei materiali naturali<\/strong>.\u00a0\u00a0<\/span><\/p><\/blockquote>\n<h3><span style=\"color: #000000;\">Ha qualche aneddoto particolare che vuole condividere?<\/span><\/h3>\n<blockquote><p><span style=\"font-weight: 400; color: #000000;\">Il <strong>pastellone<\/strong> \u00e8 stato il materiale che ci ha dato pi\u00f9 soddisfazione. Inizialmente era anche quello che destava la maggiore preoccupazione: nessuno voleva applicarlo, sembrava un&#8217;impresa titanica. Per fortuna Piero Spadini ha deciso di prendere in mano la situazione: con tenacia e determinazione ha studiato il materiale e come posarlo, ottenendo un risultato sorprendente. Da allora \u00e8 diventato per tutti noi<em> l&#8217;Uomo del Pastellone<\/em>.\u00a0<\/span><\/p><\/blockquote>\n[\/vc_column_text][vc_empty_space][\/vc_column][\/vc_row][vc_row full_width=&#8221;stretch_row&#8221; css=&#8221;.vc_custom_1613766456282{background-color: #000000 !important;}&#8221;][vc_column][vc_empty_space][vc_empty_space]<div class=\"wpex-slider-preloaderimg \"><img loading=\"lazy\" decoding=\"async\" data-no-lazy=\"1\" class=\"skip-lazy\" src=\"https:\/\/www.bancadellacalce.it\/bdc\/wp-content\/uploads\/2021\/06\/calcecanapa_ristrutturazione.jpg\" alt=\"Ristrutturazione Calcecanapa Casolare\" data-no-retina width=\"1440\" height=\"675\" \/><\/div><div class=\"vcex-module wpex-slider slider-pro no-margin-thumbnails vcex-image-gallery-slider clr\" data-thumbnails=\"true\" data-thumbnail-height=\"auto\" data-auto-play-delay=\"5000\" data-animation-speed=\"600\"><div class=\"wpex-slider-slides sp-slides\"><div class=\"wpex-slider-slide sp-slide\"><div class=\"wpex-slider-media\"><img loading=\"lazy\" decoding=\"async\" data-no-lazy=\"1\" class=\"skip-lazy\" alt=\"Ristrutturazione Calcecanapa Casolare\" src=\"https:\/\/www.bancadellacalce.it\/bdc\/wp-content\/uploads\/2021\/06\/calcecanapa_ristrutturazione.jpg\" data-no-retina width=\"1440\" height=\"675\" \/><\/div><\/div><div class=\"wpex-slider-slide sp-slide\"><div class=\"wpex-slider-media\"><img loading=\"lazy\" decoding=\"async\" data-no-lazy=\"1\" class=\"skip-lazy\" src=\"https:\/\/www.bancadellacalce.it\/bdc\/wp-content\/uploads\/2021\/06\/calcecanapa_esterno.jpg\" alt='' data-no-retina width=\"1440\" height=\"675\" \/><\/div><\/div><div class=\"wpex-slider-slide sp-slide\"><div class=\"wpex-slider-media\"><img loading=\"lazy\" decoding=\"async\" data-no-lazy=\"1\" class=\"skip-lazy\" src=\"https:\/\/www.bancadellacalce.it\/bdc\/wp-content\/uploads\/2021\/06\/calcecanapa_todi.jpg\" alt='' data-no-retina width=\"1440\" height=\"675\" \/><\/div><\/div><div class=\"wpex-slider-slide sp-slide\"><div class=\"wpex-slider-media\"><img loading=\"lazy\" decoding=\"async\" data-no-lazy=\"1\" class=\"skip-lazy\" src=\"https:\/\/www.bancadellacalce.it\/bdc\/wp-content\/uploads\/2021\/06\/termointonaco-e-finitura-calcecanapa.jpg\" alt='' data-no-retina width=\"1440\" height=\"675\" \/><\/div><\/div><div class=\"wpex-slider-slide sp-slide\"><div class=\"wpex-slider-media\"><img loading=\"lazy\" decoding=\"async\" data-no-lazy=\"1\" class=\"skip-lazy\" src=\"https:\/\/www.bancadellacalce.it\/bdc\/wp-content\/uploads\/2021\/06\/termointonaco_calcecanapa.jpg\" alt='' data-no-retina width=\"1440\" height=\"675\" \/><\/div><\/div><div class=\"wpex-slider-slide sp-slide\"><div class=\"wpex-slider-media\"><img loading=\"lazy\" decoding=\"async\" data-no-lazy=\"1\" class=\"skip-lazy\" src=\"https:\/\/www.bancadellacalce.it\/bdc\/wp-content\/uploads\/2021\/06\/calcecanapa_termointonaco-e-finitura.jpg\" alt='' data-no-retina width=\"1440\" height=\"675\" \/><\/div><\/div><div class=\"wpex-slider-slide sp-slide\"><div class=\"wpex-slider-media\"><img loading=\"lazy\" decoding=\"async\" data-no-lazy=\"1\" class=\"skip-lazy\" src=\"https:\/\/www.bancadellacalce.it\/bdc\/wp-content\/uploads\/2021\/06\/calcelatte_todi.jpg\" alt='' data-no-retina width=\"1440\" height=\"675\" \/><\/div><\/div><div class=\"wpex-slider-slide sp-slide\"><div class=\"wpex-slider-media\"><img loading=\"lazy\" decoding=\"async\" data-no-lazy=\"1\" class=\"skip-lazy\" src=\"https:\/\/www.bancadellacalce.it\/bdc\/wp-content\/uploads\/2021\/06\/pastellone.jpg\" alt='' data-no-retina width=\"1440\" height=\"675\" \/><\/div><\/div><div class=\"wpex-slider-slide sp-slide\"><div class=\"wpex-slider-media\"><img loading=\"lazy\" decoding=\"async\" data-no-lazy=\"1\" class=\"skip-lazy\" alt=\"Calcequalita\" src=\"https:\/\/www.bancadellacalce.it\/bdc\/wp-content\/uploads\/2021\/06\/bagno_pastellone.jpg\" data-no-retina width=\"1440\" height=\"675\" \/><\/div><\/div><div class=\"wpex-slider-slide sp-slide\"><div class=\"wpex-slider-media\"><img loading=\"lazy\" decoding=\"async\" data-no-lazy=\"1\" class=\"skip-lazy\" src=\"https:\/\/www.bancadellacalce.it\/bdc\/wp-content\/uploads\/2021\/06\/pastellone_todi.jpg\" alt='' data-no-retina width=\"1440\" height=\"675\" \/><\/div><\/div><\/div><div class=\"wpex-slider-thumbnails sp-nc-thumbnails cols-5\"><img loading=\"lazy\" decoding=\"async\" data-no-lazy=\"1\" class=\"wpex-slider-thumbnail sp-nc-thumbnail skip-lazy\" src=\"https:\/\/www.bancadellacalce.it\/bdc\/wp-content\/uploads\/2021\/06\/calcecanapa_ristrutturazione.jpg\" alt=\"Ristrutturazione Calcecanapa Casolare\" data-no-retina width=\"1440\" height=\"675\" \/><img loading=\"lazy\" decoding=\"async\" data-no-lazy=\"1\" class=\"wpex-slider-thumbnail sp-nc-thumbnail skip-lazy\" src=\"https:\/\/www.bancadellacalce.it\/bdc\/wp-content\/uploads\/2021\/06\/calcecanapa_esterno.jpg\" alt='' data-no-retina width=\"1440\" height=\"675\" \/><img loading=\"lazy\" decoding=\"async\" data-no-lazy=\"1\" class=\"wpex-slider-thumbnail sp-nc-thumbnail skip-lazy\" src=\"https:\/\/www.bancadellacalce.it\/bdc\/wp-content\/uploads\/2021\/06\/calcecanapa_todi.jpg\" alt='' data-no-retina width=\"1440\" height=\"675\" \/><img loading=\"lazy\" decoding=\"async\" data-no-lazy=\"1\" class=\"wpex-slider-thumbnail sp-nc-thumbnail skip-lazy\" src=\"https:\/\/www.bancadellacalce.it\/bdc\/wp-content\/uploads\/2021\/06\/termointonaco-e-finitura-calcecanapa.jpg\" alt='' data-no-retina width=\"1440\" height=\"675\" \/><img loading=\"lazy\" decoding=\"async\" data-no-lazy=\"1\" class=\"wpex-slider-thumbnail sp-nc-thumbnail skip-lazy\" src=\"https:\/\/www.bancadellacalce.it\/bdc\/wp-content\/uploads\/2021\/06\/termointonaco_calcecanapa.jpg\" alt='' data-no-retina width=\"1440\" height=\"675\" \/><img loading=\"lazy\" decoding=\"async\" data-no-lazy=\"1\" class=\"wpex-slider-thumbnail sp-nc-thumbnail skip-lazy\" src=\"https:\/\/www.bancadellacalce.it\/bdc\/wp-content\/uploads\/2021\/06\/calcecanapa_termointonaco-e-finitura.jpg\" alt='' data-no-retina width=\"1440\" height=\"675\" \/><img loading=\"lazy\" decoding=\"async\" data-no-lazy=\"1\" class=\"wpex-slider-thumbnail sp-nc-thumbnail skip-lazy\" src=\"https:\/\/www.bancadellacalce.it\/bdc\/wp-content\/uploads\/2021\/06\/calcelatte_todi.jpg\" alt='' data-no-retina width=\"1440\" height=\"675\" \/><img loading=\"lazy\" decoding=\"async\" data-no-lazy=\"1\" class=\"wpex-slider-thumbnail sp-nc-thumbnail skip-lazy\" src=\"https:\/\/www.bancadellacalce.it\/bdc\/wp-content\/uploads\/2021\/06\/pastellone.jpg\" alt='' data-no-retina width=\"1440\" height=\"675\" \/><img loading=\"lazy\" decoding=\"async\" data-no-lazy=\"1\" class=\"wpex-slider-thumbnail sp-nc-thumbnail skip-lazy\" src=\"https:\/\/www.bancadellacalce.it\/bdc\/wp-content\/uploads\/2021\/06\/bagno_pastellone.jpg\" alt=\"Calcequalita\" data-no-retina width=\"1440\" height=\"675\" \/><img loading=\"lazy\" decoding=\"async\" data-no-lazy=\"1\" class=\"wpex-slider-thumbnail sp-nc-thumbnail skip-lazy\" src=\"https:\/\/www.bancadellacalce.it\/bdc\/wp-content\/uploads\/2021\/06\/pastellone_todi.jpg\" alt='' data-no-retina width=\"1440\" height=\"675\" \/><\/div><\/div>[vc_empty_space][\/vc_column][\/vc_row][vc_row full_width=&#8221;stretch_row&#8221;][vc_column][vc_column_text]\n<div class=\"wpb_text_column wpb_content_element \">\n<div class=\"wpb_wrapper\">\n<h2 style=\"text-align: center;\">I PRODOTTI UTILIZZATI DA CHIARA<\/h2>\n<\/div>\n<\/div>\n[\/vc_column_text][vc_empty_space][vc_basic_grid post_type=&#8221;ids&#8221; gap=&#8221;4&#8243; item=&#8221;10091&#8243; grid_id=&#8221;vc_gid:1625930940549-98331b23-90a1-2&#8243; include=&#8221;6015, 5955, 14550&#8243;][\/vc_column][\/vc_row][vc_row full_width=&#8221;stretch_row&#8221;][vc_column][vc_column_text]\n<div class=\"wpb_text_column wpb_content_element \">\n<div class=\"wpb_wrapper\">\n<h2 style=\"text-align: center;\">ALTRE STORIE DI CALCE<\/h2>\n<\/div>\n<\/div>\n[\/vc_column_text][vc_empty_space][vc_basic_grid post_type=&#8221;post&#8221; max_items=&#8221;3&#8243; orderby=&#8221;rand&#8221; item=&#8221;6836&#8243; grid_id=&#8221;vc_gid:1625930940554-e97d19ef-957e-0&#8243; taxonomies=&#8221;231&#8243;][\/vc_column][\/vc_row][vc_column][\/vc_column]\n<\/section>","protected":false},"excerpt":{"rendered":"<p>Per questo appuntamento abbiamo chiesto a Chiara Ortolani, del progetto &#8216;La malcontenta e il lupo&#8217;, agriturismo e azienda agricola nelle campagne di Todi (PG)<\/p>\n","protected":false},"author":9,"featured_media":39918,"comment_status":"closed","ping_status":"open","sticky":false,"template":"","format":"standard","meta":{"_joinchat":[],"footnotes":""},"categories":[231,237],"tags":[167,186,197,119,198,304,199,284,183,287,283,152],"post_series":[103],"class_list":["post-39911","post","type-post","status-publish","format-standard","has-post-thumbnail","hentry","category-storie-di-calce","category-storie_di_calce_calcecanapa","tag-ambiente","tag-bioedilizia","tag-blick","tag-calce","tag-calcecanapa","tag-interior-design","tag-isolamento-termico","tag-materiali-naturali","tag-restauro","tag-ristrutturazione","tag-sostenibilita","tag-termointonaco","post_series-news","entry","has-media"],"yoast_head":"<!-- This site is optimized with the Yoast SEO plugin v27.4 - https:\/\/yoast.com\/product\/yoast-seo-wordpress\/ -->\n<title>Storie di Calce#22: il racconto di Chiara | BANCA della CALCE<\/title>\n<meta name=\"description\" content=\"Intervista a Chiara Ortolani che ha ristrutturato un&#039;azienda agricola nella provincia di Todi con i nostri materiali.\" \/>\n<meta name=\"robots\" content=\"index, follow, max-snippet:-1, max-image-preview:large, max-video-preview:-1\" \/>\n<link rel=\"canonical\" href=\"https:\/\/www.bancadellacalce.it\/bdc\/storie-di-calce20-il-racconto-di-sara\/\" \/>\n<meta property=\"og:locale\" content=\"it_IT\" \/>\n<meta property=\"og:type\" content=\"article\" \/>\n<meta property=\"og:title\" content=\"Storie di Calce#22: il racconto di Chiara | BANCA della CALCE\" \/>\n<meta property=\"og:description\" content=\"Intervista a Chiara Ortolani che ha ristrutturato un&#039;azienda agricola nella provincia di Todi con i nostri materiali.\" \/>\n<meta property=\"og:url\" content=\"https:\/\/www.bancadellacalce.it\/bdc\/storie-di-calce20-il-racconto-di-sara\/\" \/>\n<meta property=\"og:site_name\" content=\"La banca della calce\" \/>\n<meta property=\"article:publisher\" content=\"https:\/\/www.facebook.com\/La-Banca-della-Calce-223667067649398\/\" \/>\n<meta property=\"article:published_time\" content=\"2021-06-25T17:23:29+00:00\" \/>\n<meta property=\"article:modified_time\" content=\"2022-05-31T15:31:31+00:00\" \/>\n<meta property=\"og:image\" content=\"https:\/\/www.bancadellacalce.it\/bdc\/wp-content\/uploads\/2021\/06\/calcecanapa_ristrutturazione.jpg\" \/>\n\t<meta property=\"og:image:width\" content=\"1440\" \/>\n\t<meta property=\"og:image:height\" content=\"675\" \/>\n\t<meta property=\"og:image:type\" content=\"image\/jpeg\" \/>\n<meta name=\"author\" content=\"Ilenia Ucci\" \/>\n<meta name=\"twitter:card\" content=\"summary_large_image\" \/>\n<meta name=\"twitter:label1\" content=\"Scritto da\" \/>\n\t<meta name=\"twitter:data1\" content=\"Ilenia Ucci\" \/>\n\t<meta name=\"twitter:label2\" content=\"Tempo di lettura stimato\" \/>\n\t<meta name=\"twitter:data2\" content=\"4 minuti\" \/>\n<script type=\"application\/ld+json\" class=\"yoast-schema-graph\">{\"@context\":\"https:\\\/\\\/schema.org\",\"@graph\":[{\"@type\":\"Article\",\"@id\":\"https:\\\/\\\/www.bancadellacalce.it\\\/bdc\\\/storie-di-calce20-il-racconto-di-sara\\\/#article\",\"isPartOf\":{\"@id\":\"https:\\\/\\\/www.bancadellacalce.it\\\/bdc\\\/storie-di-calce22-il-racconto-di-chiara\\\/\"},\"author\":{\"name\":\"Ilenia Ucci\",\"@id\":\"https:\\\/\\\/www.bancadellacalce.it\\\/bdc\\\/#\\\/schema\\\/person\\\/7e39c782e7b64a205b9a5f3bfdf5cf7b\"},\"headline\":\"STORIE DI CALCE#22: IL RACCONTO DI CHIARA\",\"datePublished\":\"2021-06-25T17:23:29+00:00\",\"dateModified\":\"2022-05-31T15:31:31+00:00\",\"mainEntityOfPage\":{\"@id\":\"https:\\\/\\\/www.bancadellacalce.it\\\/bdc\\\/storie-di-calce22-il-racconto-di-chiara\\\/\"},\"wordCount\":867,\"publisher\":{\"@id\":\"https:\\\/\\\/www.bancadellacalce.it\\\/bdc\\\/#organization\"},\"image\":{\"@id\":\"https:\\\/\\\/www.bancadellacalce.it\\\/bdc\\\/storie-di-calce20-il-racconto-di-sara\\\/#primaryimage\"},\"thumbnailUrl\":\"https:\\\/\\\/www.bancadellacalce.it\\\/bdc\\\/wp-content\\\/uploads\\\/2021\\\/06\\\/calcecanapa_ristrutturazione.jpg\",\"keywords\":[\"ambiente\",\"bioedilizia\",\"blick\",\"calce\",\"calcecanapa\",\"interior design\",\"isolamento termico\",\"materiali naturali\",\"restauro\",\"ristrutturazione\",\"sostenibilit\u00e0\",\"Termointonaco\"],\"articleSection\":[\"Storie_di_calce\",\"Storie_di_calce_CALCECANAPA\"],\"inLanguage\":\"it-IT\"},{\"@type\":\"WebPage\",\"@id\":\"https:\\\/\\\/www.bancadellacalce.it\\\/bdc\\\/storie-di-calce22-il-racconto-di-chiara\\\/\",\"url\":\"https:\\\/\\\/www.bancadellacalce.it\\\/bdc\\\/storie-di-calce20-il-racconto-di-sara\\\/\",\"name\":\"Storie di Calce#22: il racconto di Chiara | BANCA della CALCE\",\"isPartOf\":{\"@id\":\"https:\\\/\\\/www.bancadellacalce.it\\\/bdc\\\/#website\"},\"primaryImageOfPage\":{\"@id\":\"https:\\\/\\\/www.bancadellacalce.it\\\/bdc\\\/storie-di-calce20-il-racconto-di-sara\\\/#primaryimage\"},\"image\":{\"@id\":\"https:\\\/\\\/www.bancadellacalce.it\\\/bdc\\\/storie-di-calce20-il-racconto-di-sara\\\/#primaryimage\"},\"thumbnailUrl\":\"https:\\\/\\\/www.bancadellacalce.it\\\/bdc\\\/wp-content\\\/uploads\\\/2021\\\/06\\\/calcecanapa_ristrutturazione.jpg\",\"datePublished\":\"2021-06-25T17:23:29+00:00\",\"dateModified\":\"2022-05-31T15:31:31+00:00\",\"description\":\"Intervista a Chiara Ortolani che ha ristrutturato un'azienda agricola nella provincia di Todi con i nostri materiali.\",\"breadcrumb\":{\"@id\":\"https:\\\/\\\/www.bancadellacalce.it\\\/bdc\\\/storie-di-calce20-il-racconto-di-sara\\\/#breadcrumb\"},\"inLanguage\":\"it-IT\",\"potentialAction\":[{\"@type\":\"ReadAction\",\"target\":[\"https:\\\/\\\/www.bancadellacalce.it\\\/bdc\\\/storie-di-calce20-il-racconto-di-sara\\\/\"]}]},{\"@type\":\"ImageObject\",\"inLanguage\":\"it-IT\",\"@id\":\"https:\\\/\\\/www.bancadellacalce.it\\\/bdc\\\/storie-di-calce20-il-racconto-di-sara\\\/#primaryimage\",\"url\":\"https:\\\/\\\/www.bancadellacalce.it\\\/bdc\\\/wp-content\\\/uploads\\\/2021\\\/06\\\/calcecanapa_ristrutturazione.jpg\",\"contentUrl\":\"https:\\\/\\\/www.bancadellacalce.it\\\/bdc\\\/wp-content\\\/uploads\\\/2021\\\/06\\\/calcecanapa_ristrutturazione.jpg\",\"width\":1440,\"height\":675,\"caption\":\"Ristrutturazione Calcecanapa Casolare\"},{\"@type\":\"BreadcrumbList\",\"@id\":\"https:\\\/\\\/www.bancadellacalce.it\\\/bdc\\\/storie-di-calce20-il-racconto-di-sara\\\/#breadcrumb\",\"itemListElement\":[{\"@type\":\"ListItem\",\"position\":1,\"name\":\"Home\",\"item\":\"https:\\\/\\\/www.bancadellacalce.it\\\/bdc\\\/\"},{\"@type\":\"ListItem\",\"position\":2,\"name\":\"STORIE DI CALCE#22: IL RACCONTO DI CHIARA\"}]},{\"@type\":\"WebSite\",\"@id\":\"https:\\\/\\\/www.bancadellacalce.it\\\/bdc\\\/#website\",\"url\":\"https:\\\/\\\/www.bancadellacalce.it\\\/bdc\\\/\",\"name\":\"La banca della calce\",\"description\":\"Costruire per natura\",\"publisher\":{\"@id\":\"https:\\\/\\\/www.bancadellacalce.it\\\/bdc\\\/#organization\"},\"potentialAction\":[{\"@type\":\"SearchAction\",\"target\":{\"@type\":\"EntryPoint\",\"urlTemplate\":\"https:\\\/\\\/www.bancadellacalce.it\\\/bdc\\\/?s={search_term_string}\"},\"query-input\":{\"@type\":\"PropertyValueSpecification\",\"valueRequired\":true,\"valueName\":\"search_term_string\"}}],\"inLanguage\":\"it-IT\"},{\"@type\":\"Organization\",\"@id\":\"https:\\\/\\\/www.bancadellacalce.it\\\/bdc\\\/#organization\",\"name\":\"La Banca della Calce\",\"url\":\"https:\\\/\\\/www.bancadellacalce.it\\\/bdc\\\/\",\"logo\":{\"@type\":\"ImageObject\",\"inLanguage\":\"it-IT\",\"@id\":\"https:\\\/\\\/www.bancadellacalce.it\\\/bdc\\\/#\\\/schema\\\/logo\\\/image\\\/\",\"url\":\"https:\\\/\\\/www.bancadellacalce.it\\\/bdc\\\/wp-content\\\/uploads\\\/2016\\\/01\\\/logo-labancadellacalce.png\",\"contentUrl\":\"https:\\\/\\\/www.bancadellacalce.it\\\/bdc\\\/wp-content\\\/uploads\\\/2016\\\/01\\\/logo-labancadellacalce.png\",\"width\":729,\"height\":125,\"caption\":\"La Banca della Calce\"},\"image\":{\"@id\":\"https:\\\/\\\/www.bancadellacalce.it\\\/bdc\\\/#\\\/schema\\\/logo\\\/image\\\/\"},\"sameAs\":[\"https:\\\/\\\/www.facebook.com\\\/La-Banca-della-Calce-223667067649398\\\/\",\"https:\\\/\\\/www.instagram.com\\\/labancadellacalce\\\/\",\"https:\\\/\\\/www.linkedin.com\\\/company\\\/19183447\"]},{\"@type\":\"Person\",\"@id\":\"https:\\\/\\\/www.bancadellacalce.it\\\/bdc\\\/#\\\/schema\\\/person\\\/7e39c782e7b64a205b9a5f3bfdf5cf7b\",\"name\":\"Ilenia Ucci\",\"image\":{\"@type\":\"ImageObject\",\"inLanguage\":\"it-IT\",\"@id\":\"https:\\\/\\\/secure.gravatar.com\\\/avatar\\\/8c435332674f736442af24b7b4d565dd487c9cbb9816964ac5e67d45da94fd6b?s=96&d=mm&r=g\",\"url\":\"https:\\\/\\\/secure.gravatar.com\\\/avatar\\\/8c435332674f736442af24b7b4d565dd487c9cbb9816964ac5e67d45da94fd6b?s=96&d=mm&r=g\",\"contentUrl\":\"https:\\\/\\\/secure.gravatar.com\\\/avatar\\\/8c435332674f736442af24b7b4d565dd487c9cbb9816964ac5e67d45da94fd6b?s=96&d=mm&r=g\",\"caption\":\"Ilenia Ucci\"},\"url\":\"https:\\\/\\\/www.bancadellacalce.it\\\/bdc\\\/author\\\/elena\\\/\"}]}<\/script>\n<!-- \/ Yoast SEO plugin. -->","yoast_head_json":{"title":"Storie di Calce#22: il racconto di Chiara | BANCA della CALCE","description":"Intervista a Chiara Ortolani che ha ristrutturato un'azienda agricola nella provincia di Todi con i nostri materiali.","robots":{"index":"index","follow":"follow","max-snippet":"max-snippet:-1","max-image-preview":"max-image-preview:large","max-video-preview":"max-video-preview:-1"},"canonical":"https:\/\/www.bancadellacalce.it\/bdc\/storie-di-calce20-il-racconto-di-sara\/","og_locale":"it_IT","og_type":"article","og_title":"Storie di Calce#22: il racconto di Chiara | BANCA della CALCE","og_description":"Intervista a Chiara Ortolani che ha ristrutturato un'azienda agricola nella provincia di Todi con i nostri materiali.","og_url":"https:\/\/www.bancadellacalce.it\/bdc\/storie-di-calce20-il-racconto-di-sara\/","og_site_name":"La banca della calce","article_publisher":"https:\/\/www.facebook.com\/La-Banca-della-Calce-223667067649398\/","article_published_time":"2021-06-25T17:23:29+00:00","article_modified_time":"2022-05-31T15:31:31+00:00","og_image":[{"width":1440,"height":675,"url":"https:\/\/www.bancadellacalce.it\/bdc\/wp-content\/uploads\/2021\/06\/calcecanapa_ristrutturazione.jpg","type":"image\/jpeg"}],"author":"Ilenia Ucci","twitter_card":"summary_large_image","twitter_misc":{"Scritto da":"Ilenia Ucci","Tempo di lettura stimato":"4 minuti"},"schema":{"@context":"https:\/\/schema.org","@graph":[{"@type":"Article","@id":"https:\/\/www.bancadellacalce.it\/bdc\/storie-di-calce20-il-racconto-di-sara\/#article","isPartOf":{"@id":"https:\/\/www.bancadellacalce.it\/bdc\/storie-di-calce22-il-racconto-di-chiara\/"},"author":{"name":"Ilenia Ucci","@id":"https:\/\/www.bancadellacalce.it\/bdc\/#\/schema\/person\/7e39c782e7b64a205b9a5f3bfdf5cf7b"},"headline":"STORIE DI CALCE#22: IL RACCONTO DI CHIARA","datePublished":"2021-06-25T17:23:29+00:00","dateModified":"2022-05-31T15:31:31+00:00","mainEntityOfPage":{"@id":"https:\/\/www.bancadellacalce.it\/bdc\/storie-di-calce22-il-racconto-di-chiara\/"},"wordCount":867,"publisher":{"@id":"https:\/\/www.bancadellacalce.it\/bdc\/#organization"},"image":{"@id":"https:\/\/www.bancadellacalce.it\/bdc\/storie-di-calce20-il-racconto-di-sara\/#primaryimage"},"thumbnailUrl":"https:\/\/www.bancadellacalce.it\/bdc\/wp-content\/uploads\/2021\/06\/calcecanapa_ristrutturazione.jpg","keywords":["ambiente","bioedilizia","blick","calce","calcecanapa","interior design","isolamento termico","materiali naturali","restauro","ristrutturazione","sostenibilit\u00e0","Termointonaco"],"articleSection":["Storie_di_calce","Storie_di_calce_CALCECANAPA"],"inLanguage":"it-IT"},{"@type":"WebPage","@id":"https:\/\/www.bancadellacalce.it\/bdc\/storie-di-calce22-il-racconto-di-chiara\/","url":"https:\/\/www.bancadellacalce.it\/bdc\/storie-di-calce20-il-racconto-di-sara\/","name":"Storie di Calce#22: il racconto di Chiara | BANCA della CALCE","isPartOf":{"@id":"https:\/\/www.bancadellacalce.it\/bdc\/#website"},"primaryImageOfPage":{"@id":"https:\/\/www.bancadellacalce.it\/bdc\/storie-di-calce20-il-racconto-di-sara\/#primaryimage"},"image":{"@id":"https:\/\/www.bancadellacalce.it\/bdc\/storie-di-calce20-il-racconto-di-sara\/#primaryimage"},"thumbnailUrl":"https:\/\/www.bancadellacalce.it\/bdc\/wp-content\/uploads\/2021\/06\/calcecanapa_ristrutturazione.jpg","datePublished":"2021-06-25T17:23:29+00:00","dateModified":"2022-05-31T15:31:31+00:00","description":"Intervista a Chiara Ortolani che ha ristrutturato un'azienda agricola nella provincia di Todi con i nostri materiali.","breadcrumb":{"@id":"https:\/\/www.bancadellacalce.it\/bdc\/storie-di-calce20-il-racconto-di-sara\/#breadcrumb"},"inLanguage":"it-IT","potentialAction":[{"@type":"ReadAction","target":["https:\/\/www.bancadellacalce.it\/bdc\/storie-di-calce20-il-racconto-di-sara\/"]}]},{"@type":"ImageObject","inLanguage":"it-IT","@id":"https:\/\/www.bancadellacalce.it\/bdc\/storie-di-calce20-il-racconto-di-sara\/#primaryimage","url":"https:\/\/www.bancadellacalce.it\/bdc\/wp-content\/uploads\/2021\/06\/calcecanapa_ristrutturazione.jpg","contentUrl":"https:\/\/www.bancadellacalce.it\/bdc\/wp-content\/uploads\/2021\/06\/calcecanapa_ristrutturazione.jpg","width":1440,"height":675,"caption":"Ristrutturazione Calcecanapa Casolare"},{"@type":"BreadcrumbList","@id":"https:\/\/www.bancadellacalce.it\/bdc\/storie-di-calce20-il-racconto-di-sara\/#breadcrumb","itemListElement":[{"@type":"ListItem","position":1,"name":"Home","item":"https:\/\/www.bancadellacalce.it\/bdc\/"},{"@type":"ListItem","position":2,"name":"STORIE DI CALCE#22: IL RACCONTO DI CHIARA"}]},{"@type":"WebSite","@id":"https:\/\/www.bancadellacalce.it\/bdc\/#website","url":"https:\/\/www.bancadellacalce.it\/bdc\/","name":"La banca della calce","description":"Costruire per natura","publisher":{"@id":"https:\/\/www.bancadellacalce.it\/bdc\/#organization"},"potentialAction":[{"@type":"SearchAction","target":{"@type":"EntryPoint","urlTemplate":"https:\/\/www.bancadellacalce.it\/bdc\/?s={search_term_string}"},"query-input":{"@type":"PropertyValueSpecification","valueRequired":true,"valueName":"search_term_string"}}],"inLanguage":"it-IT"},{"@type":"Organization","@id":"https:\/\/www.bancadellacalce.it\/bdc\/#organization","name":"La Banca della Calce","url":"https:\/\/www.bancadellacalce.it\/bdc\/","logo":{"@type":"ImageObject","inLanguage":"it-IT","@id":"https:\/\/www.bancadellacalce.it\/bdc\/#\/schema\/logo\/image\/","url":"https:\/\/www.bancadellacalce.it\/bdc\/wp-content\/uploads\/2016\/01\/logo-labancadellacalce.png","contentUrl":"https:\/\/www.bancadellacalce.it\/bdc\/wp-content\/uploads\/2016\/01\/logo-labancadellacalce.png","width":729,"height":125,"caption":"La Banca della Calce"},"image":{"@id":"https:\/\/www.bancadellacalce.it\/bdc\/#\/schema\/logo\/image\/"},"sameAs":["https:\/\/www.facebook.com\/La-Banca-della-Calce-223667067649398\/","https:\/\/www.instagram.com\/labancadellacalce\/","https:\/\/www.linkedin.com\/company\/19183447"]},{"@type":"Person","@id":"https:\/\/www.bancadellacalce.it\/bdc\/#\/schema\/person\/7e39c782e7b64a205b9a5f3bfdf5cf7b","name":"Ilenia Ucci","image":{"@type":"ImageObject","inLanguage":"it-IT","@id":"https:\/\/secure.gravatar.com\/avatar\/8c435332674f736442af24b7b4d565dd487c9cbb9816964ac5e67d45da94fd6b?s=96&d=mm&r=g","url":"https:\/\/secure.gravatar.com\/avatar\/8c435332674f736442af24b7b4d565dd487c9cbb9816964ac5e67d45da94fd6b?s=96&d=mm&r=g","contentUrl":"https:\/\/secure.gravatar.com\/avatar\/8c435332674f736442af24b7b4d565dd487c9cbb9816964ac5e67d45da94fd6b?s=96&d=mm&r=g","caption":"Ilenia Ucci"},"url":"https:\/\/www.bancadellacalce.it\/bdc\/author\/elena\/"}]}},"_links":{"self":[{"href":"https:\/\/www.bancadellacalce.it\/bdc\/wp-json\/wp\/v2\/posts\/39911","targetHints":{"allow":["GET"]}}],"collection":[{"href":"https:\/\/www.bancadellacalce.it\/bdc\/wp-json\/wp\/v2\/posts"}],"about":[{"href":"https:\/\/www.bancadellacalce.it\/bdc\/wp-json\/wp\/v2\/types\/post"}],"author":[{"embeddable":true,"href":"https:\/\/www.bancadellacalce.it\/bdc\/wp-json\/wp\/v2\/users\/9"}],"replies":[{"embeddable":true,"href":"https:\/\/www.bancadellacalce.it\/bdc\/wp-json\/wp\/v2\/comments?post=39911"}],"version-history":[{"count":0,"href":"https:\/\/www.bancadellacalce.it\/bdc\/wp-json\/wp\/v2\/posts\/39911\/revisions"}],"wp:featuredmedia":[{"embeddable":true,"href":"https:\/\/www.bancadellacalce.it\/bdc\/wp-json\/wp\/v2\/media\/39918"}],"wp:attachment":[{"href":"https:\/\/www.bancadellacalce.it\/bdc\/wp-json\/wp\/v2\/media?parent=39911"}],"wp:term":[{"taxonomy":"category","embeddable":true,"href":"https:\/\/www.bancadellacalce.it\/bdc\/wp-json\/wp\/v2\/categories?post=39911"},{"taxonomy":"post_tag","embeddable":true,"href":"https:\/\/www.bancadellacalce.it\/bdc\/wp-json\/wp\/v2\/tags?post=39911"},{"taxonomy":"post_series","embeddable":true,"href":"https:\/\/www.bancadellacalce.it\/bdc\/wp-json\/wp\/v2\/post_series?post=39911"}],"curies":[{"name":"wp","href":"https:\/\/api.w.org\/{rel}","templated":true}]}}