{"id":37363,"date":"2021-04-14T17:21:13","date_gmt":"2021-04-14T15:21:13","guid":{"rendered":"https:\/\/www.bancadellacalce.it\/bdc\/?p=37363"},"modified":"2022-05-31T17:36:59","modified_gmt":"2022-05-31T15:36:59","slug":"storie-di-calce20-il-racconto-di-sara","status":"publish","type":"post","link":"https:\/\/www.bancadellacalce.it\/bdc\/storie-di-calce20-il-racconto-di-sara\/","title":{"rendered":"STORIE DI CALCE#20: IL RACCONTO DI SARA"},"content":{"rendered":"<section class=\"wpb-content-wrapper\">[vc_row full_width=&#8221;stretch_row&#8221; css=&#8221;.vc_custom_1619530986368{background-image: url(https:\/\/www.bancadellacalce.it\/bdc\/wp-content\/uploads\/2021\/04\/bancadellacalce_foglia.jpg?id=38177) !important;background-position: center !important;background-repeat: no-repeat !important;background-size: cover !important;}&#8221; min_height=&#8221;650&#8243;][vc_column width=&#8221;1\/2&#8243;][vc_empty_space height=&#8221;320px&#8221;][vc_column_text css=&#8221;.vc_custom_1619531564597{padding-top: 10px !important;padding-right: 10px !important;padding-bottom: 10px !important;padding-left: 10px !important;background-color: rgba(255,255,255,0.36) !important;*background-color: rgb(255,255,255) !important;}&#8221;]\n<h1 style=\"text-align: center;\">STORIE DI CALCE#20:<br \/>\nDA FROSINONE E POSITANO,<br \/>\nIL RACCONTO\u00a0DI SARA<\/h1>\n[\/vc_column_text][\/vc_column][vc_column width=&#8221;1\/2&#8243;][\/vc_column][\/vc_row][vc_row full_width=&#8221;stretch_row&#8221; css=&#8221;.vc_custom_1574619435619{background-color: #ededed !important;}&#8221;][vc_column][vc_empty_space height=&#8221;16px&#8221;][vc_column_text]Con Storie di Calce raccontiamo le esperienze di clienti, appassionati e di tutti coloro che lavorano con la calce. Spunti, aneddoti e, perch\u00e9 no, qualche esempio delle realizzazioni possibili con i nostri materiali.<\/p>\n<p><strong>Sara Marzullo<\/strong> \u00e8 una designer di interni non convenzionale: le piace sperimentare e \u00abmettere le mani\u00bb nei progetti che segue. Ha realizzato diversi lavori con i nostri materiali e le abbiamo chiesto di raccontarcene alcuni.<\/p>\n<p>Cogliamo l&#8217;occasione per ringraziarla tanto per aver condiviso con noi la loro esperienza.<br \/>\nBuona lettura![\/vc_column_text][\/vc_column][\/vc_row][vc_row][vc_column][vc_column_text]\n<h3><span style=\"color: #000000;\">Ci racconti qualcosa di s\u00e9 e delle sua professione<\/span><\/h3>\n<blockquote><p><span style=\"color: #000000;\">Mi occupo di <strong>design di interni<\/strong> e mi piace molto <strong>utilizzare i materiali naturali applicandoli in modo creativo nei progetti che seguo. <\/strong>Partecipo sempre attivamente ai lavori, sporcandomi volentieri le mani. Amo <strong>dare vita a spazi abitativi che trasmettano un senso di benessere a chi li abita<\/strong>. Per fare questo cerco non solo di comprendere le esigenze delle persone, ma anche di <strong>stabilire un dialogo tra contesto, paesaggio, luce e materiali<\/strong>, poich\u00e9 \u00e8 proprio questa concertazione la chiave per ottenere bellezza e benessere abitativo.<\/span><\/p><\/blockquote>\n<h3><span style=\"color: #000000;\">Perch\u00e9 la scelta della calce e dei materiali naturali?<\/span><\/h3>\n<blockquote><p><span style=\"color: #000000;\">In questa mia costante<strong> ricerca di equilibrio tra esseri umani e spazi abitativi<\/strong>, i <strong>materiali naturali<\/strong> sono una scelta obbligata; inoltre, sia dal punto di vista estetico che tecnico, hanno un <strong>valore aggiunto inestimabile<\/strong>. Oggi sono utilizzati prevalentemente nel settore del restauro e del recupero del patrimonio storico, ma non bisogna dimenticarsi che, fino a 50 anni fa, non esisteva altro materiale per l\u2019edilizia se non la calce. Aggiungo anche che subisco il <strong>fascino del ciclo della calce<\/strong>, un processo che passa attraverso tutti e <strong>quattro gli elementi<\/strong>: <strong>fuoco<\/strong> in fase di cottura, <strong>acqua<\/strong> in quella di spegnimento,<strong> aria<\/strong> nella fase di carbonatazione, <strong>terra<\/strong> alla fine, quando torna a essere pietra.<\/span><\/p>\n<p><span style=\"color: #000000;\">Purtroppo, far comprendere la calce alle nuove maestranze, abituate a gessi e cementi, non \u00e8 facile. Si sono perse le radici e, purtroppo, non c\u2019\u00e8 pi\u00f9 l\u2019abitudine a utilizzare materiali naturali in edilizia. Vanno tutti di fretta, mentre <strong>la calce impone i suoi tempi e richiede maggior cura e conoscenza nell\u2019applicazione e nella creazione degli impasti.<\/strong> Non si pu\u00f2 \u201cbarare&#8221; alterando la ricetta perch\u00e9, a differenza dei pre-miscelati, la calce non ammette approssimazioni. Ci vuole<strong> mestiere, passione e il tempo necessario<\/strong>. Il risultato, per\u00f2, sar\u00e0 di valore inestimabile e rester\u00e0 tale per anni, se non secoli!<\/span><br \/>\n<span style=\"color: #000000;\">Non \u00e8 neanche facile trovare aziende che vendono questo tipo di materiali. Per fortuna, ho scoperto la Banca della Calce, diventata per me un punto di riferimento per due motivi: i <strong>materiali sono davvero naturali e certificati<\/strong> e, a differenza di altre aziende, <strong>offre supporto e consulenza<\/strong>. Con i tecnici della Banca della Calce ho un dialogo costante, chiedo consigli e suggerimenti e ho sempre trovato grande professionalit\u00e0 e disponibilit\u00e0.<\/span><\/p><\/blockquote>\n<h3><span style=\"color: #000000;\">Il cantiere del Podere Equiterre. Che prodotti avete usato?<\/span><\/h3>\n<blockquote><p><span style=\"color: #000000;\">Il Podere Equiterre \u00e8 una bella propriet\u00e0 nella provincia di Frosinone, immersa in 15 ettari di natura dove sta prendendo vita un progetto in permacultura. Siamo intervenuti nella <strong>ristrutturazione del vecchio casale in pietra <\/strong>dei primi del \u2018900 il quale, avendo le fondazioni direttamente sul terreno, risentiva di problemi di umidit\u00e0 di risalita. La calce era l\u2019unica soluzione possibile per restituire <strong>salubrit\u00e0 agli ambienti<\/strong> e, contemporaneamente, abbiamo ottenuto un <strong>effetto estetico stupendo, <\/strong>in perfetta armonia con il colore delle pietre calcaree dei muri perimetrali, degli archi del casale e degli esterni. \u00c8 proprio grazie a questo cantiere che ho iniziato la collaborazione con la Banca della Calce che dura tutt\u2019oggi.<\/span><\/p>\n<p><span style=\"color: #000000;\">Abbiamo utilizzato <strong><span style=\"text-decoration: underline;\"><a style=\"color: #000000; text-decoration: underline;\" href=\"https:\/\/www.bancadellacalce.it\/bdc\/prodotti-bdc\/termointonaco\/\" target=\"_blank\" rel=\"noopener noreferrer\">Calcecanapa\u00ae Termointonaco <\/a><\/span><\/strong>per gli intonaci interni ed esterni, <span style=\"text-decoration: underline;\"><strong><a href=\"https:\/\/www.bancadellacalce.it\/bdc\/prodotti-bdc\/finitura\/\" target=\"_blank\" rel=\"noopener noreferrer\">Calcecanapa\u00ae Finitura<\/a><\/strong><\/span> e <span style=\"text-decoration: underline;\"><strong><a style=\"color: #000000; text-decoration: underline;\" href=\"https:\/\/www.bancadellacalce.it\/bdc\/prodotti-bdc\/blick-calce-canapa\/\" target=\"_blank\" rel=\"noopener noreferrer\">Blick, Mattone in Calce e Canapa<\/a> <\/strong><\/span>nelle tramezzature e <a style=\"color: #000000;\" href=\"https:\/\/www.bancadellacalce.it\/bdc\/prodotti-bdc\/pan-30\/\" target=\"_blank\" rel=\"noopener noreferrer\"><span style=\"text-decoration: underline;\"><strong>Calcecanapa\u00ae PAN 30<\/strong><\/span><\/a> come isolante tra massetto e il pavimento in legno. Grazie a questi prodotti siamo riusciti a <strong>ridare<\/strong><strong> salubrit\u00e0 e bellezza al casale<\/strong> con grande soddisfazione di tutti: non c&#8217;\u00e8 pi\u00f9 muffa, n\u00e9 eccesso di umidit\u00e0, n\u00e9 sbalzi termici. Inoltre,<strong> la bellezza estetica della calce e della canapa \u00e8 impagabile per come riflette la luce e per l&#8217;effetto materico che regala alle pareti<\/strong>.<\/span><\/p><\/blockquote>\n[\/vc_column_text][vc_column_text]\n<h3><span style=\"color: #000000;\">Il cantiere a Positano. \u00a0Il recupero di un&#8217;ex cisterna<\/span><\/h3>\n<blockquote><p><span style=\"color: #000000;\">Questo \u00e8 un bel progetto di recupero di una ex cisterna nel quale sono libera di<strong> sperimentare con i materiali, ricercando nuove soluzioni e nuove interpretazioni degli stessi.<\/strong> Per esempio, sto lavorando ad una parete che far\u00e0 da testata al letto, utilizzando delle foglie come stampo direttamente sull\u2019intonaco ancora fresco, per ottenere una <em>texture<\/em> in bassorilievo che ricorda le foglie che cadono da un ramo in autunno.<br \/>\nPer essere fedele alle origini della cisterna, sto utilizzando principalmente <a style=\"color: #000000;\" href=\"https:\/\/www.bancadellacalce.it\/bdc\/prodotti-bdc\/calce-idraulica-naturale-nhl-5\/\" target=\"_blank\" rel=\"noopener noreferrer\"><span style=\"text-decoration: underline;\"><strong>Calce Idraulica Naturale NHL 5<\/strong><\/span><\/a>, <strong>canapulo<\/strong>, che uso come fibra nell\u2019impasto, e <strong><span style=\"text-decoration: underline;\"><a style=\"color: #000000; text-decoration: underline;\" href=\"https:\/\/www.bancadellacalce.it\/bdc\/grassello-di-calce\/\" target=\"_blank\" rel=\"noopener noreferrer\">Grassello di Calce<\/a><\/span><\/strong>. Sto facendo anche delle prove con il <span style=\"text-decoration: underline;\"><strong><a style=\"color: #000000; text-decoration: underline;\" href=\"https:\/\/www.bancadellacalce.it\/bdc\/cocciopesto-impermeabile-lesperienza-insegna\/\" target=\"_blank\" rel=\"noopener noreferrer\">Cocciopesto<\/a><\/strong><\/span> . Ho infine utilizzato i Blick per ricreare gli archi (non strutturali) e sono rimasta entusiasta della <strong>grande versatilit\u00e0 e semplicit\u00e0 di applicazione di questi mattoni di calce e canapa<\/strong>, anche quando usati in modo non convenzionale.\u00a0<\/span><\/p><\/blockquote>\n<h3><span style=\"color: #000000;\">Ha qualche aneddoto particolare che vuole condividere?<\/span><\/h3>\n<blockquote><p><span style=\"color: #000000;\">Quando mi sono stati consegnati i Blick per il cantiere di Positano, ho risvegliato la curiosit\u00e0 di tutti i dipendenti del cantiere vicino: in molti, piuttosto sorpresi, mi hanno chiesto che cosa fossero e a cosa servissero. Ho spiegato loro che si trattava di mattoni in calce e canapa, totalmente <strong>naturali, leggeri e profumati<\/strong>, e che li avrei usati nei lavori di ristrutturazione. Erano tutti parecchio perplessi, ma qualche ora pi\u00f9 tardi, quando sono tornata in cantiere, ho trovato un gruppetto di operai che studiava i prodotti, interrogandosi tra loro. Mi ha fatto sorridere il fatto che generalmente chi \u00e8 abituato a lavorare con materiali \u201ctradizionali\u201d sia inizialmente diffidente verso questo tipo di prodotti, ma, una volta spiegati, si appassiona, approfondisce e si documenta sull\u2019utilizzo di materiali naturali. Sono episodi come questi che mi confermano che si tratta di <strong>prodotti poco noti ma che, una volta raccontati, riescono a conquistare anche i pi\u00f9 scettici<\/strong>.<\/span><\/p><\/blockquote>\n[\/vc_column_text][vc_empty_space][\/vc_column][\/vc_row][vc_row full_width=&#8221;stretch_row&#8221; css=&#8221;.vc_custom_1613766456282{background-color: #000000 !important;}&#8221;][vc_column][vc_empty_space][vc_empty_space]<div class=\"wpex-slider-preloaderimg \"><img loading=\"lazy\" decoding=\"async\" data-no-lazy=\"1\" class=\"skip-lazy\" src=\"https:\/\/www.bancadellacalce.it\/bdc\/wp-content\/uploads\/2021\/04\/bancadellacalce_storie-di-calce.jpg\" alt=\"STORIE DI CALCE#20: IL RACCONTO DI SARA\" data-no-retina width=\"1440\" height=\"675\" \/><\/div><div class=\"vcex-module wpex-slider slider-pro no-margin-thumbnails vcex-image-gallery-slider clr\" data-thumbnails=\"true\" data-thumbnail-height=\"auto\" data-auto-play-delay=\"5000\" data-animation-speed=\"600\"><div class=\"wpex-slider-slides sp-slides\"><div class=\"wpex-slider-slide sp-slide\"><div class=\"wpex-slider-media\"><img loading=\"lazy\" decoding=\"async\" data-no-lazy=\"1\" class=\"skip-lazy\" alt=\"STORIE DI CALCE#20: IL RACCONTO DI SARA\" src=\"https:\/\/www.bancadellacalce.it\/bdc\/wp-content\/uploads\/2021\/04\/bancadellacalce_storie-di-calce.jpg\" data-no-retina width=\"1440\" height=\"675\" \/><\/div><\/div><div class=\"wpex-slider-slide sp-slide\"><div class=\"wpex-slider-media\"><img loading=\"lazy\" decoding=\"async\" data-no-lazy=\"1\" class=\"skip-lazy\" alt=\"STORIE DI CALCE#20 - Foglia In Calce\" src=\"https:\/\/www.bancadellacalce.it\/bdc\/wp-content\/uploads\/2021\/04\/bancadellacalce_foglia.jpg\" data-no-retina width=\"1440\" height=\"675\" \/><\/div><\/div><div class=\"wpex-slider-slide sp-slide\"><div class=\"wpex-slider-media\"><img loading=\"lazy\" decoding=\"async\" data-no-lazy=\"1\" class=\"skip-lazy\" alt=\"STORIE DI CALCE#20: IL RACCONTO DI SARA\" src=\"https:\/\/www.bancadellacalce.it\/bdc\/wp-content\/uploads\/2021\/04\/bancadellacalce_sara-marzullo.jpg\" data-no-retina width=\"1440\" height=\"675\" \/><\/div><\/div><div class=\"wpex-slider-slide sp-slide\"><div class=\"wpex-slider-media\"><img loading=\"lazy\" decoding=\"async\" data-no-lazy=\"1\" class=\"skip-lazy\" alt=\"Calcequalita\" src=\"https:\/\/www.bancadellacalce.it\/bdc\/wp-content\/uploads\/2021\/04\/bancadellacalce_sara-marzullo_positano.jpg\" data-no-retina width=\"1440\" height=\"675\" \/><\/div><\/div><div class=\"wpex-slider-slide sp-slide\"><div class=\"wpex-slider-media\"><img loading=\"lazy\" decoding=\"async\" data-no-lazy=\"1\" class=\"skip-lazy\" alt=\"STORIE DI CALCE#20: IL RACCONTO DI SARA\" src=\"https:\/\/www.bancadellacalce.it\/bdc\/wp-content\/uploads\/2021\/04\/storie-di-calce_bancadellacalce.jpg\" data-no-retina width=\"1440\" height=\"675\" \/><\/div><\/div><div class=\"wpex-slider-slide sp-slide\"><div class=\"wpex-slider-media\"><img loading=\"lazy\" decoding=\"async\" data-no-lazy=\"1\" class=\"skip-lazy\" alt=\"STORIE DI CALCE#20: IL RACCONTO DI SARA\" src=\"https:\/\/www.bancadellacalce.it\/bdc\/wp-content\/uploads\/2021\/04\/bancadellacalce_.jpg\" data-no-retina width=\"1440\" height=\"675\" \/><\/div><\/div><div class=\"wpex-slider-slide sp-slide\"><div class=\"wpex-slider-media\"><img loading=\"lazy\" decoding=\"async\" data-no-lazy=\"1\" class=\"skip-lazy\" alt=\"Calcequalita\" src=\"https:\/\/www.bancadellacalce.it\/bdc\/wp-content\/uploads\/2021\/04\/arce.jpg\" data-no-retina width=\"1440\" height=\"675\" \/><\/div><\/div><div class=\"wpex-slider-slide sp-slide\"><div class=\"wpex-slider-media\"><img loading=\"lazy\" decoding=\"async\" data-no-lazy=\"1\" class=\"skip-lazy\" alt=\"STORIE DI CALCE#20: IL RACCONTO DI SARA\" src=\"https:\/\/www.bancadellacalce.it\/bdc\/wp-content\/uploads\/2021\/04\/bancadellacalce_positano.jpg\" data-no-retina width=\"1440\" height=\"675\" \/><\/div><\/div><div class=\"wpex-slider-slide sp-slide\"><div class=\"wpex-slider-media\"><img loading=\"lazy\" decoding=\"async\" data-no-lazy=\"1\" class=\"skip-lazy\" alt=\"Calcequalita\" src=\"https:\/\/www.bancadellacalce.it\/bdc\/wp-content\/uploads\/2021\/04\/positano_bancadellacalce_.jpg\" data-no-retina width=\"1440\" height=\"675\" \/><\/div><\/div><div class=\"wpex-slider-slide sp-slide\"><div class=\"wpex-slider-media\"><img loading=\"lazy\" decoding=\"async\" data-no-lazy=\"1\" class=\"skip-lazy\" alt=\"Calcequalita\" src=\"https:\/\/www.bancadellacalce.it\/bdc\/wp-content\/uploads\/2021\/04\/arce_bagno.jpg\" data-no-retina width=\"1440\" height=\"675\" \/><\/div><\/div><\/div><div class=\"wpex-slider-thumbnails sp-nc-thumbnails cols-5\"><img loading=\"lazy\" decoding=\"async\" data-no-lazy=\"1\" class=\"wpex-slider-thumbnail sp-nc-thumbnail skip-lazy\" src=\"https:\/\/www.bancadellacalce.it\/bdc\/wp-content\/uploads\/2021\/04\/bancadellacalce_storie-di-calce.jpg\" alt=\"STORIE DI CALCE#20: IL RACCONTO DI SARA\" data-no-retina width=\"1440\" height=\"675\" \/><img loading=\"lazy\" decoding=\"async\" data-no-lazy=\"1\" class=\"wpex-slider-thumbnail sp-nc-thumbnail skip-lazy\" src=\"https:\/\/www.bancadellacalce.it\/bdc\/wp-content\/uploads\/2021\/04\/bancadellacalce_foglia.jpg\" alt=\"STORIE DI CALCE#20 - Foglia In Calce\" data-no-retina width=\"1440\" height=\"675\" \/><img loading=\"lazy\" decoding=\"async\" data-no-lazy=\"1\" class=\"wpex-slider-thumbnail sp-nc-thumbnail skip-lazy\" src=\"https:\/\/www.bancadellacalce.it\/bdc\/wp-content\/uploads\/2021\/04\/bancadellacalce_sara-marzullo.jpg\" alt=\"STORIE DI CALCE#20: IL RACCONTO DI SARA\" data-no-retina width=\"1440\" height=\"675\" \/><img loading=\"lazy\" decoding=\"async\" data-no-lazy=\"1\" class=\"wpex-slider-thumbnail sp-nc-thumbnail skip-lazy\" src=\"https:\/\/www.bancadellacalce.it\/bdc\/wp-content\/uploads\/2021\/04\/bancadellacalce_sara-marzullo_positano.jpg\" alt=\"Calcequalita\" data-no-retina width=\"1440\" height=\"675\" \/><img loading=\"lazy\" decoding=\"async\" data-no-lazy=\"1\" class=\"wpex-slider-thumbnail sp-nc-thumbnail skip-lazy\" src=\"https:\/\/www.bancadellacalce.it\/bdc\/wp-content\/uploads\/2021\/04\/storie-di-calce_bancadellacalce.jpg\" alt=\"STORIE DI CALCE#20: IL RACCONTO DI SARA\" data-no-retina width=\"1440\" height=\"675\" \/><img loading=\"lazy\" decoding=\"async\" data-no-lazy=\"1\" class=\"wpex-slider-thumbnail sp-nc-thumbnail skip-lazy\" src=\"https:\/\/www.bancadellacalce.it\/bdc\/wp-content\/uploads\/2021\/04\/bancadellacalce_.jpg\" alt=\"STORIE DI CALCE#20: IL RACCONTO DI SARA\" data-no-retina width=\"1440\" height=\"675\" \/><img loading=\"lazy\" decoding=\"async\" data-no-lazy=\"1\" class=\"wpex-slider-thumbnail sp-nc-thumbnail skip-lazy\" src=\"https:\/\/www.bancadellacalce.it\/bdc\/wp-content\/uploads\/2021\/04\/arce.jpg\" alt=\"Calcequalita\" data-no-retina width=\"1440\" height=\"675\" \/><img loading=\"lazy\" decoding=\"async\" data-no-lazy=\"1\" class=\"wpex-slider-thumbnail sp-nc-thumbnail skip-lazy\" src=\"https:\/\/www.bancadellacalce.it\/bdc\/wp-content\/uploads\/2021\/04\/bancadellacalce_positano.jpg\" alt=\"STORIE DI CALCE#20: IL RACCONTO DI SARA\" data-no-retina width=\"1440\" height=\"675\" \/><img loading=\"lazy\" decoding=\"async\" data-no-lazy=\"1\" class=\"wpex-slider-thumbnail sp-nc-thumbnail skip-lazy\" src=\"https:\/\/www.bancadellacalce.it\/bdc\/wp-content\/uploads\/2021\/04\/positano_bancadellacalce_.jpg\" alt=\"Calcequalita\" data-no-retina width=\"1440\" height=\"675\" \/><img loading=\"lazy\" decoding=\"async\" data-no-lazy=\"1\" class=\"wpex-slider-thumbnail sp-nc-thumbnail skip-lazy\" src=\"https:\/\/www.bancadellacalce.it\/bdc\/wp-content\/uploads\/2021\/04\/arce_bagno.jpg\" alt=\"Calcequalita\" data-no-retina width=\"1440\" height=\"675\" \/><\/div><\/div>[vc_empty_space][\/vc_column][\/vc_row][vc_row full_width=&#8221;stretch_row&#8221;][vc_column][vc_column_text]\n<div class=\"wpb_text_column wpb_content_element \">\n<div class=\"wpb_wrapper\">\n<h2 style=\"text-align: center;\">I PRODOTTI UTILIZZATI DA SARA<\/h2>\n<\/div>\n<\/div>\n[\/vc_column_text][vc_empty_space][vc_basic_grid post_type=&#8221;ids&#8221; gap=&#8221;4&#8243; item=&#8221;10091&#8243; grid_id=&#8221;vc_gid:1650875258398-25273936-ebdd-2&#8243; include=&#8221;6015, 5955, 12946&#8243;][\/vc_column][\/vc_row][vc_row full_width=&#8221;stretch_row&#8221;][vc_column][vc_column_text]\n<div class=\"wpb_text_column wpb_content_element \">\n<div class=\"wpb_wrapper\">\n<h2 style=\"text-align: center;\">ALTRE STORIE DI CALCE<\/h2>\n<\/div>\n<\/div>\n[\/vc_column_text][vc_empty_space][vc_basic_grid post_type=&#8221;post&#8221; max_items=&#8221;3&#8243; orderby=&#8221;rand&#8221; item=&#8221;6836&#8243; grid_id=&#8221;vc_gid:1650875258400-2b4b8807-77bb-7&#8243; taxonomies=&#8221;231&#8243;][\/vc_column][\/vc_row][vc_column][\/vc_column]\n<\/section>","protected":false},"excerpt":{"rendered":"<p>Sara Marzullo \u00e8 una designer di interni non convenzionale: le piace sperimentare e \u00abmettere le mani\u00bb nei progetti che segue. Ha realizzato diversi lavori con i nostri materiali e le abbiamo chiesto di raccontarcene alcuni.<\/p>\n","protected":false},"author":9,"featured_media":38177,"comment_status":"closed","ping_status":"open","sticky":false,"template":"","format":"standard","meta":{"_joinchat":[],"footnotes":""},"categories":[231,237],"tags":[167,186,197,119,198,304,199,284,183,287,283,152],"post_series":[103],"class_list":["post-37363","post","type-post","status-publish","format-standard","has-post-thumbnail","hentry","category-storie-di-calce","category-storie_di_calce_calcecanapa","tag-ambiente","tag-bioedilizia","tag-blick","tag-calce","tag-calcecanapa","tag-interior-design","tag-isolamento-termico","tag-materiali-naturali","tag-restauro","tag-ristrutturazione","tag-sostenibilita","tag-termointonaco","post_series-news","entry","has-media"],"yoast_head":"<!-- This site is optimized with the Yoast SEO plugin v27.4 - https:\/\/yoast.com\/product\/yoast-seo-wordpress\/ -->\n<title>Storie di Calce#20: il racconto di Sara | BANCA della CALCE<\/title>\n<meta name=\"description\" content=\"Intervista a Sara Marzullo, designer di interni, che ha realizzato diversi lavori con i nostri materiali a base di calce.\" \/>\n<meta name=\"robots\" content=\"index, follow, max-snippet:-1, max-image-preview:large, max-video-preview:-1\" \/>\n<link rel=\"canonical\" href=\"https:\/\/www.bancadellacalce.it\/bdc\/storie-di-calce20-il-racconto-di-sara\/\" \/>\n<meta property=\"og:locale\" content=\"it_IT\" \/>\n<meta property=\"og:type\" content=\"article\" \/>\n<meta property=\"og:title\" content=\"Storie di Calce#20: il racconto di Sara | BANCA della CALCE\" \/>\n<meta property=\"og:description\" content=\"Intervista a Sara Marzullo, designer di interni, che ha realizzato diversi lavori con i nostri materiali a base di calce.\" \/>\n<meta property=\"og:url\" content=\"https:\/\/www.bancadellacalce.it\/bdc\/storie-di-calce20-il-racconto-di-sara\/\" \/>\n<meta property=\"og:site_name\" content=\"La banca della calce\" \/>\n<meta property=\"article:publisher\" content=\"https:\/\/www.facebook.com\/La-Banca-della-Calce-223667067649398\/\" \/>\n<meta property=\"article:published_time\" content=\"2021-04-14T15:21:13+00:00\" \/>\n<meta property=\"article:modified_time\" content=\"2022-05-31T15:36:59+00:00\" \/>\n<meta property=\"og:image\" content=\"https:\/\/www.bancadellacalce.it\/bdc\/wp-content\/uploads\/2021\/04\/bancadellacalce_storia-di-calce.jpg\" \/>\n\t<meta property=\"og:image:width\" content=\"1440\" \/>\n\t<meta property=\"og:image:height\" content=\"675\" \/>\n\t<meta property=\"og:image:type\" content=\"image\/jpeg\" \/>\n<meta name=\"author\" content=\"Ilenia Ucci\" \/>\n<meta name=\"twitter:card\" content=\"summary_large_image\" \/>\n<meta name=\"twitter:label1\" content=\"Scritto da\" \/>\n\t<meta name=\"twitter:data1\" content=\"Ilenia Ucci\" \/>\n\t<meta name=\"twitter:label2\" content=\"Tempo di lettura stimato\" \/>\n\t<meta name=\"twitter:data2\" content=\"6 minuti\" \/>\n<script type=\"application\/ld+json\" class=\"yoast-schema-graph\">{\"@context\":\"https:\\\/\\\/schema.org\",\"@graph\":[{\"@type\":\"Article\",\"@id\":\"https:\\\/\\\/www.bancadellacalce.it\\\/bdc\\\/storie-di-calce20-il-racconto-di-sara\\\/#article\",\"isPartOf\":{\"@id\":\"https:\\\/\\\/www.bancadellacalce.it\\\/bdc\\\/storie-di-calce20-il-racconto-di-sara\\\/\"},\"author\":{\"name\":\"Ilenia Ucci\",\"@id\":\"https:\\\/\\\/www.bancadellacalce.it\\\/bdc\\\/#\\\/schema\\\/person\\\/7e39c782e7b64a205b9a5f3bfdf5cf7b\"},\"headline\":\"STORIE DI CALCE#20: IL RACCONTO DI SARA\",\"datePublished\":\"2021-04-14T15:21:13+00:00\",\"dateModified\":\"2022-05-31T15:36:59+00:00\",\"mainEntityOfPage\":{\"@id\":\"https:\\\/\\\/www.bancadellacalce.it\\\/bdc\\\/storie-di-calce20-il-racconto-di-sara\\\/\"},\"wordCount\":1241,\"publisher\":{\"@id\":\"https:\\\/\\\/www.bancadellacalce.it\\\/bdc\\\/#organization\"},\"image\":{\"@id\":\"https:\\\/\\\/www.bancadellacalce.it\\\/bdc\\\/storie-di-calce20-il-racconto-di-sara\\\/#primaryimage\"},\"thumbnailUrl\":\"https:\\\/\\\/www.bancadellacalce.it\\\/bdc\\\/wp-content\\\/uploads\\\/2021\\\/04\\\/bancadellacalce_foglia.jpg\",\"keywords\":[\"ambiente\",\"bioedilizia\",\"blick\",\"calce\",\"calcecanapa\",\"interior design\",\"isolamento termico\",\"materiali naturali\",\"restauro\",\"ristrutturazione\",\"sostenibilit\u00e0\",\"Termointonaco\"],\"articleSection\":[\"Storie_di_calce\",\"Storie_di_calce_CALCECANAPA\"],\"inLanguage\":\"it-IT\"},{\"@type\":\"WebPage\",\"@id\":\"https:\\\/\\\/www.bancadellacalce.it\\\/bdc\\\/storie-di-calce20-il-racconto-di-sara\\\/\",\"url\":\"https:\\\/\\\/www.bancadellacalce.it\\\/bdc\\\/storie-di-calce20-il-racconto-di-sara\\\/\",\"name\":\"Storie di Calce#20: il racconto di Sara | BANCA della CALCE\",\"isPartOf\":{\"@id\":\"https:\\\/\\\/www.bancadellacalce.it\\\/bdc\\\/#website\"},\"primaryImageOfPage\":{\"@id\":\"https:\\\/\\\/www.bancadellacalce.it\\\/bdc\\\/storie-di-calce20-il-racconto-di-sara\\\/#primaryimage\"},\"image\":{\"@id\":\"https:\\\/\\\/www.bancadellacalce.it\\\/bdc\\\/storie-di-calce20-il-racconto-di-sara\\\/#primaryimage\"},\"thumbnailUrl\":\"https:\\\/\\\/www.bancadellacalce.it\\\/bdc\\\/wp-content\\\/uploads\\\/2021\\\/04\\\/bancadellacalce_foglia.jpg\",\"datePublished\":\"2021-04-14T15:21:13+00:00\",\"dateModified\":\"2022-05-31T15:36:59+00:00\",\"description\":\"Intervista a Sara Marzullo, designer di interni, che ha realizzato diversi lavori con i nostri materiali a base di calce.\",\"breadcrumb\":{\"@id\":\"https:\\\/\\\/www.bancadellacalce.it\\\/bdc\\\/storie-di-calce20-il-racconto-di-sara\\\/#breadcrumb\"},\"inLanguage\":\"it-IT\",\"potentialAction\":[{\"@type\":\"ReadAction\",\"target\":[\"https:\\\/\\\/www.bancadellacalce.it\\\/bdc\\\/storie-di-calce20-il-racconto-di-sara\\\/\"]}]},{\"@type\":\"ImageObject\",\"inLanguage\":\"it-IT\",\"@id\":\"https:\\\/\\\/www.bancadellacalce.it\\\/bdc\\\/storie-di-calce20-il-racconto-di-sara\\\/#primaryimage\",\"url\":\"https:\\\/\\\/www.bancadellacalce.it\\\/bdc\\\/wp-content\\\/uploads\\\/2021\\\/04\\\/bancadellacalce_foglia.jpg\",\"contentUrl\":\"https:\\\/\\\/www.bancadellacalce.it\\\/bdc\\\/wp-content\\\/uploads\\\/2021\\\/04\\\/bancadellacalce_foglia.jpg\",\"width\":1440,\"height\":675,\"caption\":\"STORIE DI CALCE#20 - foglia in calce\"},{\"@type\":\"BreadcrumbList\",\"@id\":\"https:\\\/\\\/www.bancadellacalce.it\\\/bdc\\\/storie-di-calce20-il-racconto-di-sara\\\/#breadcrumb\",\"itemListElement\":[{\"@type\":\"ListItem\",\"position\":1,\"name\":\"Home\",\"item\":\"https:\\\/\\\/www.bancadellacalce.it\\\/bdc\\\/\"},{\"@type\":\"ListItem\",\"position\":2,\"name\":\"STORIE DI CALCE#20: IL RACCONTO DI SARA\"}]},{\"@type\":\"WebSite\",\"@id\":\"https:\\\/\\\/www.bancadellacalce.it\\\/bdc\\\/#website\",\"url\":\"https:\\\/\\\/www.bancadellacalce.it\\\/bdc\\\/\",\"name\":\"La banca della calce\",\"description\":\"Costruire per natura\",\"publisher\":{\"@id\":\"https:\\\/\\\/www.bancadellacalce.it\\\/bdc\\\/#organization\"},\"potentialAction\":[{\"@type\":\"SearchAction\",\"target\":{\"@type\":\"EntryPoint\",\"urlTemplate\":\"https:\\\/\\\/www.bancadellacalce.it\\\/bdc\\\/?s={search_term_string}\"},\"query-input\":{\"@type\":\"PropertyValueSpecification\",\"valueRequired\":true,\"valueName\":\"search_term_string\"}}],\"inLanguage\":\"it-IT\"},{\"@type\":\"Organization\",\"@id\":\"https:\\\/\\\/www.bancadellacalce.it\\\/bdc\\\/#organization\",\"name\":\"La Banca della Calce\",\"url\":\"https:\\\/\\\/www.bancadellacalce.it\\\/bdc\\\/\",\"logo\":{\"@type\":\"ImageObject\",\"inLanguage\":\"it-IT\",\"@id\":\"https:\\\/\\\/www.bancadellacalce.it\\\/bdc\\\/#\\\/schema\\\/logo\\\/image\\\/\",\"url\":\"https:\\\/\\\/www.bancadellacalce.it\\\/bdc\\\/wp-content\\\/uploads\\\/2016\\\/01\\\/logo-labancadellacalce.png\",\"contentUrl\":\"https:\\\/\\\/www.bancadellacalce.it\\\/bdc\\\/wp-content\\\/uploads\\\/2016\\\/01\\\/logo-labancadellacalce.png\",\"width\":729,\"height\":125,\"caption\":\"La Banca della Calce\"},\"image\":{\"@id\":\"https:\\\/\\\/www.bancadellacalce.it\\\/bdc\\\/#\\\/schema\\\/logo\\\/image\\\/\"},\"sameAs\":[\"https:\\\/\\\/www.facebook.com\\\/La-Banca-della-Calce-223667067649398\\\/\",\"https:\\\/\\\/www.instagram.com\\\/labancadellacalce\\\/\",\"https:\\\/\\\/www.linkedin.com\\\/company\\\/19183447\"]},{\"@type\":\"Person\",\"@id\":\"https:\\\/\\\/www.bancadellacalce.it\\\/bdc\\\/#\\\/schema\\\/person\\\/7e39c782e7b64a205b9a5f3bfdf5cf7b\",\"name\":\"Ilenia Ucci\",\"image\":{\"@type\":\"ImageObject\",\"inLanguage\":\"it-IT\",\"@id\":\"https:\\\/\\\/secure.gravatar.com\\\/avatar\\\/8c435332674f736442af24b7b4d565dd487c9cbb9816964ac5e67d45da94fd6b?s=96&d=mm&r=g\",\"url\":\"https:\\\/\\\/secure.gravatar.com\\\/avatar\\\/8c435332674f736442af24b7b4d565dd487c9cbb9816964ac5e67d45da94fd6b?s=96&d=mm&r=g\",\"contentUrl\":\"https:\\\/\\\/secure.gravatar.com\\\/avatar\\\/8c435332674f736442af24b7b4d565dd487c9cbb9816964ac5e67d45da94fd6b?s=96&d=mm&r=g\",\"caption\":\"Ilenia Ucci\"},\"url\":\"https:\\\/\\\/www.bancadellacalce.it\\\/bdc\\\/author\\\/elena\\\/\"}]}<\/script>\n<!-- \/ Yoast SEO plugin. -->","yoast_head_json":{"title":"Storie di Calce#20: il racconto di Sara | BANCA della CALCE","description":"Intervista a Sara Marzullo, designer di interni, che ha realizzato diversi lavori con i nostri materiali a base di calce.","robots":{"index":"index","follow":"follow","max-snippet":"max-snippet:-1","max-image-preview":"max-image-preview:large","max-video-preview":"max-video-preview:-1"},"canonical":"https:\/\/www.bancadellacalce.it\/bdc\/storie-di-calce20-il-racconto-di-sara\/","og_locale":"it_IT","og_type":"article","og_title":"Storie di Calce#20: il racconto di Sara | BANCA della CALCE","og_description":"Intervista a Sara Marzullo, designer di interni, che ha realizzato diversi lavori con i nostri materiali a base di calce.","og_url":"https:\/\/www.bancadellacalce.it\/bdc\/storie-di-calce20-il-racconto-di-sara\/","og_site_name":"La banca della calce","article_publisher":"https:\/\/www.facebook.com\/La-Banca-della-Calce-223667067649398\/","article_published_time":"2021-04-14T15:21:13+00:00","article_modified_time":"2022-05-31T15:36:59+00:00","og_image":[{"width":1440,"height":675,"url":"https:\/\/www.bancadellacalce.it\/bdc\/wp-content\/uploads\/2021\/04\/bancadellacalce_storia-di-calce.jpg","type":"image\/jpeg"}],"author":"Ilenia Ucci","twitter_card":"summary_large_image","twitter_misc":{"Scritto da":"Ilenia Ucci","Tempo di lettura stimato":"6 minuti"},"schema":{"@context":"https:\/\/schema.org","@graph":[{"@type":"Article","@id":"https:\/\/www.bancadellacalce.it\/bdc\/storie-di-calce20-il-racconto-di-sara\/#article","isPartOf":{"@id":"https:\/\/www.bancadellacalce.it\/bdc\/storie-di-calce20-il-racconto-di-sara\/"},"author":{"name":"Ilenia Ucci","@id":"https:\/\/www.bancadellacalce.it\/bdc\/#\/schema\/person\/7e39c782e7b64a205b9a5f3bfdf5cf7b"},"headline":"STORIE DI CALCE#20: IL RACCONTO DI SARA","datePublished":"2021-04-14T15:21:13+00:00","dateModified":"2022-05-31T15:36:59+00:00","mainEntityOfPage":{"@id":"https:\/\/www.bancadellacalce.it\/bdc\/storie-di-calce20-il-racconto-di-sara\/"},"wordCount":1241,"publisher":{"@id":"https:\/\/www.bancadellacalce.it\/bdc\/#organization"},"image":{"@id":"https:\/\/www.bancadellacalce.it\/bdc\/storie-di-calce20-il-racconto-di-sara\/#primaryimage"},"thumbnailUrl":"https:\/\/www.bancadellacalce.it\/bdc\/wp-content\/uploads\/2021\/04\/bancadellacalce_foglia.jpg","keywords":["ambiente","bioedilizia","blick","calce","calcecanapa","interior design","isolamento termico","materiali naturali","restauro","ristrutturazione","sostenibilit\u00e0","Termointonaco"],"articleSection":["Storie_di_calce","Storie_di_calce_CALCECANAPA"],"inLanguage":"it-IT"},{"@type":"WebPage","@id":"https:\/\/www.bancadellacalce.it\/bdc\/storie-di-calce20-il-racconto-di-sara\/","url":"https:\/\/www.bancadellacalce.it\/bdc\/storie-di-calce20-il-racconto-di-sara\/","name":"Storie di Calce#20: il racconto di Sara | BANCA della CALCE","isPartOf":{"@id":"https:\/\/www.bancadellacalce.it\/bdc\/#website"},"primaryImageOfPage":{"@id":"https:\/\/www.bancadellacalce.it\/bdc\/storie-di-calce20-il-racconto-di-sara\/#primaryimage"},"image":{"@id":"https:\/\/www.bancadellacalce.it\/bdc\/storie-di-calce20-il-racconto-di-sara\/#primaryimage"},"thumbnailUrl":"https:\/\/www.bancadellacalce.it\/bdc\/wp-content\/uploads\/2021\/04\/bancadellacalce_foglia.jpg","datePublished":"2021-04-14T15:21:13+00:00","dateModified":"2022-05-31T15:36:59+00:00","description":"Intervista a Sara Marzullo, designer di interni, che ha realizzato diversi lavori con i nostri materiali a base di calce.","breadcrumb":{"@id":"https:\/\/www.bancadellacalce.it\/bdc\/storie-di-calce20-il-racconto-di-sara\/#breadcrumb"},"inLanguage":"it-IT","potentialAction":[{"@type":"ReadAction","target":["https:\/\/www.bancadellacalce.it\/bdc\/storie-di-calce20-il-racconto-di-sara\/"]}]},{"@type":"ImageObject","inLanguage":"it-IT","@id":"https:\/\/www.bancadellacalce.it\/bdc\/storie-di-calce20-il-racconto-di-sara\/#primaryimage","url":"https:\/\/www.bancadellacalce.it\/bdc\/wp-content\/uploads\/2021\/04\/bancadellacalce_foglia.jpg","contentUrl":"https:\/\/www.bancadellacalce.it\/bdc\/wp-content\/uploads\/2021\/04\/bancadellacalce_foglia.jpg","width":1440,"height":675,"caption":"STORIE DI CALCE#20 - foglia in calce"},{"@type":"BreadcrumbList","@id":"https:\/\/www.bancadellacalce.it\/bdc\/storie-di-calce20-il-racconto-di-sara\/#breadcrumb","itemListElement":[{"@type":"ListItem","position":1,"name":"Home","item":"https:\/\/www.bancadellacalce.it\/bdc\/"},{"@type":"ListItem","position":2,"name":"STORIE DI CALCE#20: IL RACCONTO DI SARA"}]},{"@type":"WebSite","@id":"https:\/\/www.bancadellacalce.it\/bdc\/#website","url":"https:\/\/www.bancadellacalce.it\/bdc\/","name":"La banca della calce","description":"Costruire per natura","publisher":{"@id":"https:\/\/www.bancadellacalce.it\/bdc\/#organization"},"potentialAction":[{"@type":"SearchAction","target":{"@type":"EntryPoint","urlTemplate":"https:\/\/www.bancadellacalce.it\/bdc\/?s={search_term_string}"},"query-input":{"@type":"PropertyValueSpecification","valueRequired":true,"valueName":"search_term_string"}}],"inLanguage":"it-IT"},{"@type":"Organization","@id":"https:\/\/www.bancadellacalce.it\/bdc\/#organization","name":"La Banca della Calce","url":"https:\/\/www.bancadellacalce.it\/bdc\/","logo":{"@type":"ImageObject","inLanguage":"it-IT","@id":"https:\/\/www.bancadellacalce.it\/bdc\/#\/schema\/logo\/image\/","url":"https:\/\/www.bancadellacalce.it\/bdc\/wp-content\/uploads\/2016\/01\/logo-labancadellacalce.png","contentUrl":"https:\/\/www.bancadellacalce.it\/bdc\/wp-content\/uploads\/2016\/01\/logo-labancadellacalce.png","width":729,"height":125,"caption":"La Banca della Calce"},"image":{"@id":"https:\/\/www.bancadellacalce.it\/bdc\/#\/schema\/logo\/image\/"},"sameAs":["https:\/\/www.facebook.com\/La-Banca-della-Calce-223667067649398\/","https:\/\/www.instagram.com\/labancadellacalce\/","https:\/\/www.linkedin.com\/company\/19183447"]},{"@type":"Person","@id":"https:\/\/www.bancadellacalce.it\/bdc\/#\/schema\/person\/7e39c782e7b64a205b9a5f3bfdf5cf7b","name":"Ilenia Ucci","image":{"@type":"ImageObject","inLanguage":"it-IT","@id":"https:\/\/secure.gravatar.com\/avatar\/8c435332674f736442af24b7b4d565dd487c9cbb9816964ac5e67d45da94fd6b?s=96&d=mm&r=g","url":"https:\/\/secure.gravatar.com\/avatar\/8c435332674f736442af24b7b4d565dd487c9cbb9816964ac5e67d45da94fd6b?s=96&d=mm&r=g","contentUrl":"https:\/\/secure.gravatar.com\/avatar\/8c435332674f736442af24b7b4d565dd487c9cbb9816964ac5e67d45da94fd6b?s=96&d=mm&r=g","caption":"Ilenia Ucci"},"url":"https:\/\/www.bancadellacalce.it\/bdc\/author\/elena\/"}]}},"_links":{"self":[{"href":"https:\/\/www.bancadellacalce.it\/bdc\/wp-json\/wp\/v2\/posts\/37363","targetHints":{"allow":["GET"]}}],"collection":[{"href":"https:\/\/www.bancadellacalce.it\/bdc\/wp-json\/wp\/v2\/posts"}],"about":[{"href":"https:\/\/www.bancadellacalce.it\/bdc\/wp-json\/wp\/v2\/types\/post"}],"author":[{"embeddable":true,"href":"https:\/\/www.bancadellacalce.it\/bdc\/wp-json\/wp\/v2\/users\/9"}],"replies":[{"embeddable":true,"href":"https:\/\/www.bancadellacalce.it\/bdc\/wp-json\/wp\/v2\/comments?post=37363"}],"version-history":[{"count":0,"href":"https:\/\/www.bancadellacalce.it\/bdc\/wp-json\/wp\/v2\/posts\/37363\/revisions"}],"wp:featuredmedia":[{"embeddable":true,"href":"https:\/\/www.bancadellacalce.it\/bdc\/wp-json\/wp\/v2\/media\/38177"}],"wp:attachment":[{"href":"https:\/\/www.bancadellacalce.it\/bdc\/wp-json\/wp\/v2\/media?parent=37363"}],"wp:term":[{"taxonomy":"category","embeddable":true,"href":"https:\/\/www.bancadellacalce.it\/bdc\/wp-json\/wp\/v2\/categories?post=37363"},{"taxonomy":"post_tag","embeddable":true,"href":"https:\/\/www.bancadellacalce.it\/bdc\/wp-json\/wp\/v2\/tags?post=37363"},{"taxonomy":"post_series","embeddable":true,"href":"https:\/\/www.bancadellacalce.it\/bdc\/wp-json\/wp\/v2\/post_series?post=37363"}],"curies":[{"name":"wp","href":"https:\/\/api.w.org\/{rel}","templated":true}]}}