{"id":36786,"date":"2021-03-23T09:21:27","date_gmt":"2021-03-23T08:21:27","guid":{"rendered":"https:\/\/www.bancadellacalce.it\/bdc\/?p=36786"},"modified":"2026-04-07T15:51:53","modified_gmt":"2026-04-07T13:51:53","slug":"storie-di-calce19-il-racconto-di-barbara","status":"publish","type":"post","link":"https:\/\/www.bancadellacalce.it\/bdc\/storie-di-calce19-il-racconto-di-barbara\/","title":{"rendered":"STORIE DI CALCE#19: IL RACCONTO DI BARBARA"},"content":{"rendered":"<section class=\"wpb-content-wrapper\">[vc_row full_width=&#8221;stretch_row&#8221; min_height=&#8221;650&#8243; css=&#8221;.vc_custom_1616709464360{background-image: url(https:\/\/www.bancadellacalce.it\/bdc\/wp-content\/uploads\/2021\/03\/baroncini.jpg?id=36794) !important;background-position: center !important;background-repeat: no-repeat !important;background-size: cover !important;}&#8221;][vc_column width=&#8221;1\/2&#8243;][vc_empty_space height=&#8221;350px&#8221;][vc_column_text css=&#8221;.vc_custom_1618028477782{padding-top: 20px !important;padding-right: 20px !important;padding-bottom: 20px !important;padding-left: 20px !important;background-color: rgba(0,0,0,0.2) !important;*background-color: rgb(0,0,0) !important;}&#8221;]\n<h1 style=\"text-align: center;\"><span style=\"color: #ffffff;\">STORIE DI CALCE#19<\/span><br \/>\n<span style=\"color: #ffffff;\">DA BOLOGNA, IL RACCONTO DI BARBARA<\/span><\/h1>\n[\/vc_column_text][\/vc_column][vc_column width=&#8221;1\/2&#8243;][\/vc_column][\/vc_row][vc_row full_width=&#8221;stretch_row&#8221; css=&#8221;.vc_custom_1574620385468{background-color: #dddddd !important;}&#8221;][vc_column][vc_empty_space height=&#8221;16px&#8221;][vc_column_text]<em>Con <\/em><strong><em>Storie di Calce<\/em><\/strong>\u00a0raccontiamo le\u00a0<strong>esperienze di clienti, appassionati <\/strong>e di tutti<strong> coloro che lavorano con la calce. <\/strong>Spunti, aneddoti e, perch\u00e9 no, qualche esempio delle realizzazioni che si possono fare con i nostri materiali.<\/p>\n<p><strong>Barbara Baroncini<\/strong>, artista bolognese, ha deciso di utilizzare i nostri materiale per realizzare alcune opere del suo lavoro <strong><em>\u00c8 tutto verde<\/em><\/strong>. Scopriamo insieme la sua storia.<\/p>\n<p>La ringraziamo per aver condiviso con noi la sua esperienza e ti auguriamo buona lettura![\/vc_column_text][\/vc_column][\/vc_row][vc_row full_width=&#8221;stretch_row&#8221; column_spacing=&#8221;40&#8243;][vc_column][vc_column_text]\n<h2>Ci racconti di se, del suo percorso artistico<\/h2>\n<blockquote><p><span style=\"color: #000000;\"><img loading=\"lazy\" decoding=\"async\" class=\"alignright wp-image-37292\" src=\"https:\/\/www.bancadellacalce.it\/bdc\/wp-content\/uploads\/2021\/03\/bb-300x246.jpg\" alt=\"\" width=\"140\" height=\"115\" srcset=\"https:\/\/www.bancadellacalce.it\/bdc\/wp-content\/uploads\/2021\/03\/bb-300x246.jpg 300w, https:\/\/www.bancadellacalce.it\/bdc\/wp-content\/uploads\/2021\/03\/bb-600x493.jpg 600w, https:\/\/www.bancadellacalce.it\/bdc\/wp-content\/uploads\/2021\/03\/bb.jpg 689w\" sizes=\"auto, (max-width: 140px) 100vw, 140px\" \/>Ho studiato all&#8217;Accademia di Belle Arti di Bologna, dove, dopo il triennio in scultura, mi sono diplomata in <em>Arti Visive e Pittura<\/em>. Nella mia ricerca artistica pi\u00f9 recente mi sono concentrata sull&#8217;<strong>indagine della sfera dei sentimenti<\/strong>, in particolare i legami che uniscono le coppie di amanti. Con il tempo \u00e8 stato indispensabile approcciarmi alla sfera del sensibile perch\u00e9 sento la necessit\u00e0 di parlare del carattere invalutabile che \u00e8 insito nel sentimento amoroso. Nello specifico, mi interessa <strong>interpretare e rielaborare le situazioni pi\u00f9 sensibili e gli aspetti pi\u00f9 privati che descrivono un rapporto affettivo<\/strong> e che difficilmente si riescono a tradurre a parole.<\/span><\/p><\/blockquote>\n<h2>\u00c8 tutto verde: ci spiega il significato dell&#8217;opera?<b><\/b><\/h2>\n<blockquote><p><span style=\"font-weight: 400; color: #000000;\">La mostra <em>\u00c8 tutto verde<\/em> nasce dall&#8217;<span style=\"text-decoration: underline;\"><a style=\"color: #000000; text-decoration: underline;\" href=\"https:\/\/www.minimaetmoralia.it\/wp\/estratti\/e-tutto-verde\/\" target=\"_blank\" rel=\"noopener noreferrer\">omonimo racconto breve<\/a><\/span>\u00a0di <strong>David Foster Wallace <\/strong>parte della raccolta <em>La ragazza dai capelli strani<\/em>, in cui si narra di uno scambio tra due amanti: lui, molto pi\u00f9 grande, confessa alla compagna che, a causa della differenza d&#8217;et\u00e0, si sente affaticato dalla loro relazione: deve iniziare a fare delle scelte, mentre lei, cos\u00ec giovane, ha ancora tutta la vita davanti. Con lo sguardo fisso sul giardino e sulla natura verde e rigogliosa dopo una notte di pioggia, la ragazza risponde molto tranquillamente \u00abcome fai a pensare a certe cose quando fuori \u00e8 tutto verde?\u00bb, annullando le angosce del partner.<\/span><\/p>\n<p><span style=\"font-weight: 400; color: #000000;\">Dopo averlo letto, ho immaginato <strong>il parallelismo tra il verde, il colore della natura al suo massimo splendore, e la brillantezza e pienezza del sentimento d&#8217;amore<\/strong>. Perci\u00f2 ho deciso di <strong>esplorare visivamente cosa significhi immergersi dentro la natura\u00a0per una coppia di amanti<\/strong>.<\/span><\/p>\n<p><span style=\"color: #000000;\">La mostra si componeva di<strong> due grandi pannelli raffiguranti un prato<\/strong>, installati sospesi, proprio per ribaltare la posizione del prato stesso, che non fosse a terra, ma in alto, e <strong>disegni a grafite in bianco e nero<\/strong>, nei quali a erano visibili sia la tramatura dell&#8217;erba sia i corpi. Questi ultimi non sono mai in contatto diretto, ma in costante ricerca l&#8217;uno dell&#8217;altro, per\u00a0 far capire come, nonostante la distanza, il sentimento fosse sempre presente. Come completamento del percorso espositivo ho scelto di mettere una traccia audio composta in collaborazione con il sound designer e musicista <strong>Stefano Gatti<\/strong>. In questo modo volevo amplificare la percezione sensoriale e spaziale del giardino interno della galleria e che si configurava come ultimo spazio del percorso espositivo. La mostra \u00e8 stata realizzata nell\u2019ottobre del 2019 presso <span style=\"text-decoration: underline;\"><a href=\"https:\/\/www.nelumbo.it\/\" target=\"_blank\" rel=\"noopener noreferrer\">Nelumbo Open Project<\/a><\/span>, in via Arienti a Bologna ed \u00e8 stata curata dal curatore <strong>Michele Gentili<\/strong> e <strong>Nelumbo<\/strong>.\u00a0<\/span><\/p><\/blockquote>\n<h2>Perch\u00e9 la scelta dei materiali naturali e della calce?<\/h2>\n<blockquote><p><span style=\"color: #000000;\">Ho scelto di lavorare su intonaco a calce perch\u00e9 volevo <strong>ricreare il fascino delle murature antiche<\/strong>, per rievocare nello spettatore la stessa sensazione che ho provato guardando <span style=\"text-decoration: underline;\"><a style=\"color: #000000; text-decoration: underline;\" href=\"https:\/\/www.rome-roma.net\/it\/museo-nazionale-romano\/palazzo-massimo-alle-terme\/sala-della-villa-di-livia\/\" target=\"_blank\" rel=\"noopener noreferrer\">gli affreschi della Villa di Livia<\/a><\/span> al Museo Massimo di Roma: un&#8217;intera stanza nella quale \u00e8 rappresentata una natura rigogliosa e maestosa, un giardino con alberi, uccelli, frutti. Sono rimasta affascinata al punto tale di voler <strong>ricreare la percezione tattile e visiva che io stessa ho provato<\/strong>. \u00c8 stato emozionante scoprire e imparare una tecnica antica &#8211; l&#8217;affresco appunto &#8211; e adattarla alle mie esigenze artistiche. Non ho lavorato a fresco, sarebbe stato troppo complesso, ma sono stata seguita per molto tempo dalla restauratrice <strong>Roberta Zucchini<\/strong>, esperta pitture murarie e tinte neutre. Mi ha insegnato come stendere l\u2019intonaco, le proporzioni dei componenti e la tecnica: il suo apporto \u00e8 stato fondamentale.\u00a0 <\/span><\/p><\/blockquote>\n<h2>Come ha realizzato l&#8217;opera?<\/h2>\n<blockquote><p><span style=\"color: #000000;\">Grazie al suggerimento di un amico, ho conosciuto la Banca della Calce dove ho trovato i materiali e i prodotti che mi servivano per realizzare il <em>mio prato<\/em>. N<span style=\"font-weight: 400;\">ello specifico ho utilizzato <strong>intonaco e tinte a calce<\/strong>: dopo aver steso l&#8217;intonaco, ho disegnato sopra fili d\u2019erba avvolgenti, per ricreare la <strong>sensazione di una natura che accoglie e sostiene<\/strong>.\u00a0 L<\/span>a base neutra dei due pannelli pi\u00f9 grandi \u00e8 stata realizzata con l&#8217;<span style=\"text-decoration: underline;\"><a style=\"color: #000000; text-decoration: underline;\" href=\"https:\/\/www.bancadellacalce.it\/bdc\/prodotti-bdc\/intonachino-cocciopesto\/\" target=\"_blank\" rel=\"noopener noreferrer\">intonachino a cocciopesto<\/a> <\/span>(grassello, polvere di marmo e cocciopesto) affinch\u00e9 fosse il pi\u00f9 simile possibile simile alla base di un affresco, anche se io poi ho lavorato a secco. Per realizzare i verdi, 4 tonalit\u00e0 che si ripetono in tutta l&#8217;opera, non ho utilizzato colori pronti, ma li ho preparati partendo da pigmenti in polvere. \u00c8 stato davvero affascinante lavorare con <strong>pigmenti naturali<\/strong> con i quali si ottengono colori irripetibili, brillanti e luminosi.<\/span><\/p><\/blockquote>\n<p>&nbsp;<\/p>\n<p style=\"text-align: center;\"><span style=\"font-size: 14px;\"><em>Informazioni sulla mostra: <a href=\"https:\/\/www.exibart.com\/mostre\/e-tutto-verde-barbara-baroncini-per-nelumbo-a-bologna\/\" target=\"_blank\" rel=\"noopener noreferrer\"><span style=\"text-decoration: underline;\">Exhibart<\/span><\/a> \/ <span style=\"text-decoration: underline;\"><a href=\"https:\/\/www.nelumbo.it\/\" target=\"_blank\" rel=\"noopener noreferrer\">Nelumbo Open Project<\/a><\/span><\/em><\/span><br \/>\n<span style=\"font-size: 14px;\"><em>Contatti Barbara Baroncini: <span style=\"text-decoration: underline;\"><a href=\"https:\/\/www.barbarabaroncini.com\/\" target=\"_blank\" rel=\"noopener noreferrer\">sito web<\/a> <\/span>\/<span style=\"text-decoration: underline;\"><a href=\"https:\/\/www.instagram.com\/barbarabaroncini\/\" target=\"_blank\" rel=\"noopener noreferrer\">\u00a0instagram<\/a><\/span>\u00a0<\/em><\/span><\/p>\n[\/vc_column_text][\/vc_column][\/vc_row][vc_row full_width=&#8221;stretch_row&#8221; css=&#8221;.vc_custom_1616490497276{background-color: #000000 !important;}&#8221;][vc_column][vc_empty_space][vc_empty_space]<div class=\"wpex-slider-preloaderimg \"><img loading=\"lazy\" decoding=\"async\" data-no-lazy=\"1\" class=\"skip-lazy\" src=\"https:\/\/www.bancadellacalce.it\/bdc\/wp-content\/uploads\/2021\/03\/Baroncini_mostra.jpg\" alt=\"Opera D'arte Tutto Verde - Barbara Baroncini\" data-no-retina width=\"1440\" height=\"675\" \/><\/div><div class=\"vcex-module wpex-slider slider-pro no-margin-thumbnails vcex-image-gallery-slider clr\" data-thumbnails=\"true\" data-thumbnail-height=\"auto\" data-auto-play=\"false\" data-auto-play-delay=\"5000\" data-animation-speed=\"600\"><div class=\"wpex-slider-slides sp-slides\"><div class=\"wpex-slider-slide sp-slide\"><div class=\"wpex-slider-media\"><img loading=\"lazy\" decoding=\"async\" data-no-lazy=\"1\" class=\"skip-lazy\" alt=\"Opera D'arte Tutto Verde - Barbara Baroncini\" src=\"https:\/\/www.bancadellacalce.it\/bdc\/wp-content\/uploads\/2021\/03\/Baroncini_mostra.jpg\" data-no-retina width=\"1440\" height=\"675\" \/><\/div><\/div><div class=\"wpex-slider-slide sp-slide\"><div class=\"wpex-slider-media\"><img loading=\"lazy\" decoding=\"async\" data-no-lazy=\"1\" class=\"skip-lazy\" alt=\"Disegni - Barbara Baroncini\" src=\"https:\/\/www.bancadellacalce.it\/bdc\/wp-content\/uploads\/2021\/03\/mostra_baroncini.jpg\" data-no-retina width=\"1440\" height=\"675\" \/><\/div><\/div><div class=\"wpex-slider-slide sp-slide\"><div class=\"wpex-slider-media\"><img loading=\"lazy\" decoding=\"async\" data-no-lazy=\"1\" class=\"skip-lazy\" alt=\"Opera D'arte Tutto Verde - Barbara Baroncini\" src=\"https:\/\/www.bancadellacalce.it\/bdc\/wp-content\/uploads\/2021\/03\/barocini_verde.jpg\" data-no-retina width=\"1440\" height=\"675\" \/><\/div><\/div><div class=\"wpex-slider-slide sp-slide\"><div class=\"wpex-slider-media\"><img loading=\"lazy\" decoding=\"async\" data-no-lazy=\"1\" class=\"skip-lazy\" alt=\"Disegni - Barbara Baroncini\" src=\"https:\/\/www.bancadellacalce.it\/bdc\/wp-content\/uploads\/2021\/03\/baroncini.jpg_disegni.jpg\" data-no-retina width=\"1440\" height=\"675\" \/><\/div><\/div><div class=\"wpex-slider-slide sp-slide\"><div class=\"wpex-slider-media\"><img loading=\"lazy\" decoding=\"async\" data-no-lazy=\"1\" class=\"skip-lazy\" alt=\"Opera D'arte Tutto Verde - Barbara Baroncini\" src=\"https:\/\/www.bancadellacalce.it\/bdc\/wp-content\/uploads\/2021\/03\/baroncini_opere.jpg\" data-no-retina width=\"1440\" height=\"675\" \/><\/div><\/div><\/div><div class=\"wpex-slider-thumbnails sp-nc-thumbnails cols-5\"><img loading=\"lazy\" decoding=\"async\" data-no-lazy=\"1\" class=\"wpex-slider-thumbnail sp-nc-thumbnail skip-lazy\" src=\"https:\/\/www.bancadellacalce.it\/bdc\/wp-content\/uploads\/2021\/03\/Baroncini_mostra.jpg\" alt=\"Opera D'arte Tutto Verde - Barbara Baroncini\" data-no-retina width=\"1440\" height=\"675\" \/><img loading=\"lazy\" decoding=\"async\" data-no-lazy=\"1\" class=\"wpex-slider-thumbnail sp-nc-thumbnail skip-lazy\" src=\"https:\/\/www.bancadellacalce.it\/bdc\/wp-content\/uploads\/2021\/03\/mostra_baroncini.jpg\" alt=\"Disegni - Barbara Baroncini\" data-no-retina width=\"1440\" height=\"675\" \/><img loading=\"lazy\" decoding=\"async\" data-no-lazy=\"1\" class=\"wpex-slider-thumbnail sp-nc-thumbnail skip-lazy\" src=\"https:\/\/www.bancadellacalce.it\/bdc\/wp-content\/uploads\/2021\/03\/barocini_verde.jpg\" alt=\"Opera D'arte Tutto Verde - Barbara Baroncini\" data-no-retina width=\"1440\" height=\"675\" \/><img loading=\"lazy\" decoding=\"async\" data-no-lazy=\"1\" class=\"wpex-slider-thumbnail sp-nc-thumbnail skip-lazy\" src=\"https:\/\/www.bancadellacalce.it\/bdc\/wp-content\/uploads\/2021\/03\/baroncini.jpg_disegni.jpg\" alt=\"Disegni - Barbara Baroncini\" data-no-retina width=\"1440\" height=\"675\" \/><img loading=\"lazy\" decoding=\"async\" data-no-lazy=\"1\" class=\"wpex-slider-thumbnail sp-nc-thumbnail skip-lazy\" src=\"https:\/\/www.bancadellacalce.it\/bdc\/wp-content\/uploads\/2021\/03\/baroncini_opere.jpg\" alt=\"Opera D'arte Tutto Verde - Barbara Baroncini\" data-no-retina width=\"1440\" height=\"675\" \/><\/div><\/div>[vc_empty_space][vc_column_text]\n<p style=\"text-align: center;\"><span style=\"font-size: 16px; color: #ffffff;\"><em>Fotografie di \u00a9 Zoe Paterniani<\/em><\/span><\/p>\n[\/vc_column_text][\/vc_column][\/vc_row][vc_row full_width=&#8221;stretch_row&#8221;][vc_column][vc_empty_space][vc_separator][vc_column_text]\n<div class=\"wpb_text_column wpb_content_element \">\n<div class=\"wpb_wrapper\">\n<h2 style=\"text-align: center;\">ALTRE STORIE DI CALCE<\/h2>\n<\/div>\n<\/div>\n[\/vc_column_text][vc_empty_space][vc_basic_grid post_type=&#8221;post&#8221; max_items=&#8221;3&#8243; orderby=&#8221;rand&#8221; item=&#8221;6836&#8243; grid_id=&#8221;vc_gid:1650874716818-717bafad-80da-0&#8243; taxonomies=&#8221;231&#8243; css=&#8221;.vc_custom_1616490453646{background-color: #e8e8e8 !important;}&#8221;][\/vc_column][\/vc_row][vc_column][\/vc_column][vc_row][vc_column][vc_single_image image=&#8221;37506&#8243; img_size=&#8221;&#8221; alignment=&#8221;center&#8221; style=&#8221;vc_box_circle&#8221;][\/vc_column][\/vc_row]\n<\/section>","protected":false},"excerpt":{"rendered":"<p>Barbara Baroncini, artista bolognese, ha deciso di utilizzare i nostri materiale per realizzare alcune opere del suo lavoro \u00c8 tutto verde. Scopriamo insieme la sua storia.<\/p>\n","protected":false},"author":9,"featured_media":41935,"comment_status":"closed","ping_status":"closed","sticky":false,"template":"","format":"standard","meta":{"_joinchat":[],"footnotes":""},"categories":[231,236],"tags":[167,119,77,206,183,205,207,176],"post_series":[103],"class_list":["post-36786","post","type-post","status-publish","format-standard","has-post-thumbnail","hentry","category-storie-di-calce","category-storie_di_calce_calcelatte","tag-ambiente","tag-calce","tag-calcelatte","tag-pigmenti","tag-restauro","tag-storie-di-calce","tag-tinte-a-calce","tag-tinteggiare-a-calce","post_series-news","entry","has-media"],"yoast_head":"<!-- This site is optimized with the Yoast SEO plugin v27.4 - https:\/\/yoast.com\/product\/yoast-seo-wordpress\/ -->\n<title>STORIE DI CALCE#19: IL RACCONTO DI BARBARA<\/title>\n<meta name=\"description\" content=\"Barbara Baronicini, artista visuale, ha utilizzato i nostri prodotti CalceLatte per realizzare i quadri della sua ultima mostra a Bologna.\" \/>\n<meta name=\"robots\" content=\"index, follow, max-snippet:-1, max-image-preview:large, max-video-preview:-1\" \/>\n<link rel=\"canonical\" href=\"https:\/\/www.bancadellacalce.it\/bdc\/storie-di-calce19-il-racconto-di-barbara\/\" \/>\n<meta property=\"og:locale\" content=\"it_IT\" \/>\n<meta property=\"og:type\" content=\"article\" \/>\n<meta property=\"og:title\" content=\"Storie di Calce#19: Il racconto di Barbara\" \/>\n<meta property=\"og:description\" content=\"Storie di Calce \u00e8 la nostra nuova rubrica: vogliamo raccontare le vostre storie e esperienze con i prodotti di Banca della Calce. Scopri di pi\u00f9!\" \/>\n<meta property=\"og:url\" content=\"https:\/\/www.bancadellacalce.it\/bdc\/storie-di-calce19-il-racconto-di-barbara\/\" \/>\n<meta property=\"og:site_name\" content=\"La banca della calce\" \/>\n<meta property=\"article:publisher\" content=\"https:\/\/www.facebook.com\/La-Banca-della-Calce-223667067649398\/\" \/>\n<meta property=\"article:published_time\" content=\"2021-03-23T08:21:27+00:00\" \/>\n<meta property=\"article:modified_time\" content=\"2026-04-07T13:51:53+00:00\" \/>\n<meta property=\"og:image\" content=\"https:\/\/www.bancadellacalce.it\/bdc\/wp-content\/uploads\/2021\/03\/baroncini.jpg\" \/>\n\t<meta property=\"og:image:width\" content=\"1440\" \/>\n\t<meta property=\"og:image:height\" content=\"675\" \/>\n\t<meta property=\"og:image:type\" content=\"image\/jpeg\" \/>\n<meta name=\"author\" content=\"Ilenia Ucci\" \/>\n<meta name=\"twitter:card\" content=\"summary_large_image\" \/>\n<meta name=\"twitter:label1\" content=\"Scritto da\" \/>\n\t<meta name=\"twitter:data1\" content=\"Ilenia Ucci\" \/>\n\t<meta name=\"twitter:label2\" content=\"Tempo di lettura stimato\" \/>\n\t<meta name=\"twitter:data2\" content=\"5 minuti\" \/>\n<script type=\"application\/ld+json\" class=\"yoast-schema-graph\">{\"@context\":\"https:\\\/\\\/schema.org\",\"@graph\":[{\"@type\":\"Article\",\"@id\":\"https:\\\/\\\/www.bancadellacalce.it\\\/bdc\\\/storie-di-calce19-il-racconto-di-barbara\\\/#article\",\"isPartOf\":{\"@id\":\"https:\\\/\\\/www.bancadellacalce.it\\\/bdc\\\/storie-di-calce19-il-racconto-di-barbara\\\/\"},\"author\":{\"name\":\"Ilenia Ucci\",\"@id\":\"https:\\\/\\\/www.bancadellacalce.it\\\/bdc\\\/#\\\/schema\\\/person\\\/7e39c782e7b64a205b9a5f3bfdf5cf7b\"},\"headline\":\"STORIE DI CALCE#19: IL RACCONTO DI BARBARA\",\"datePublished\":\"2021-03-23T08:21:27+00:00\",\"dateModified\":\"2026-04-07T13:51:53+00:00\",\"mainEntityOfPage\":{\"@id\":\"https:\\\/\\\/www.bancadellacalce.it\\\/bdc\\\/storie-di-calce19-il-racconto-di-barbara\\\/\"},\"wordCount\":1070,\"publisher\":{\"@id\":\"https:\\\/\\\/www.bancadellacalce.it\\\/bdc\\\/#organization\"},\"image\":{\"@id\":\"https:\\\/\\\/www.bancadellacalce.it\\\/bdc\\\/storie-di-calce19-il-racconto-di-barbara\\\/#primaryimage\"},\"thumbnailUrl\":\"https:\\\/\\\/www.bancadellacalce.it\\\/bdc\\\/wp-content\\\/uploads\\\/2020\\\/03\\\/tutto-verde-Barbara-Baroncini.jpg\",\"keywords\":[\"ambiente\",\"calce\",\"calcelatte\",\"pigmenti\",\"restauro\",\"storie di calce\",\"tinte a calce\",\"tinteggiare a calce\"],\"articleSection\":[\"Storie_di_calce\",\"Storie_di_calce_CALCELATTE\"],\"inLanguage\":\"it-IT\"},{\"@type\":\"WebPage\",\"@id\":\"https:\\\/\\\/www.bancadellacalce.it\\\/bdc\\\/storie-di-calce19-il-racconto-di-barbara\\\/\",\"url\":\"https:\\\/\\\/www.bancadellacalce.it\\\/bdc\\\/storie-di-calce19-il-racconto-di-barbara\\\/\",\"name\":\"STORIE DI CALCE#19: IL RACCONTO DI BARBARA\",\"isPartOf\":{\"@id\":\"https:\\\/\\\/www.bancadellacalce.it\\\/bdc\\\/#website\"},\"primaryImageOfPage\":{\"@id\":\"https:\\\/\\\/www.bancadellacalce.it\\\/bdc\\\/storie-di-calce19-il-racconto-di-barbara\\\/#primaryimage\"},\"image\":{\"@id\":\"https:\\\/\\\/www.bancadellacalce.it\\\/bdc\\\/storie-di-calce19-il-racconto-di-barbara\\\/#primaryimage\"},\"thumbnailUrl\":\"https:\\\/\\\/www.bancadellacalce.it\\\/bdc\\\/wp-content\\\/uploads\\\/2020\\\/03\\\/tutto-verde-Barbara-Baroncini.jpg\",\"datePublished\":\"2021-03-23T08:21:27+00:00\",\"dateModified\":\"2026-04-07T13:51:53+00:00\",\"description\":\"Barbara Baronicini, artista visuale, ha utilizzato i nostri prodotti CalceLatte per realizzare i quadri della sua ultima mostra a Bologna.\",\"breadcrumb\":{\"@id\":\"https:\\\/\\\/www.bancadellacalce.it\\\/bdc\\\/storie-di-calce19-il-racconto-di-barbara\\\/#breadcrumb\"},\"inLanguage\":\"it-IT\",\"potentialAction\":[{\"@type\":\"ReadAction\",\"target\":[\"https:\\\/\\\/www.bancadellacalce.it\\\/bdc\\\/storie-di-calce19-il-racconto-di-barbara\\\/\"]}]},{\"@type\":\"ImageObject\",\"inLanguage\":\"it-IT\",\"@id\":\"https:\\\/\\\/www.bancadellacalce.it\\\/bdc\\\/storie-di-calce19-il-racconto-di-barbara\\\/#primaryimage\",\"url\":\"https:\\\/\\\/www.bancadellacalce.it\\\/bdc\\\/wp-content\\\/uploads\\\/2020\\\/03\\\/tutto-verde-Barbara-Baroncini.jpg\",\"contentUrl\":\"https:\\\/\\\/www.bancadellacalce.it\\\/bdc\\\/wp-content\\\/uploads\\\/2020\\\/03\\\/tutto-verde-Barbara-Baroncini.jpg\",\"width\":1440,\"height\":675},{\"@type\":\"BreadcrumbList\",\"@id\":\"https:\\\/\\\/www.bancadellacalce.it\\\/bdc\\\/storie-di-calce19-il-racconto-di-barbara\\\/#breadcrumb\",\"itemListElement\":[{\"@type\":\"ListItem\",\"position\":1,\"name\":\"Home\",\"item\":\"https:\\\/\\\/www.bancadellacalce.it\\\/bdc\\\/\"},{\"@type\":\"ListItem\",\"position\":2,\"name\":\"STORIE DI CALCE#19: IL RACCONTO DI BARBARA\"}]},{\"@type\":\"WebSite\",\"@id\":\"https:\\\/\\\/www.bancadellacalce.it\\\/bdc\\\/#website\",\"url\":\"https:\\\/\\\/www.bancadellacalce.it\\\/bdc\\\/\",\"name\":\"La banca della calce\",\"description\":\"Costruire per natura\",\"publisher\":{\"@id\":\"https:\\\/\\\/www.bancadellacalce.it\\\/bdc\\\/#organization\"},\"potentialAction\":[{\"@type\":\"SearchAction\",\"target\":{\"@type\":\"EntryPoint\",\"urlTemplate\":\"https:\\\/\\\/www.bancadellacalce.it\\\/bdc\\\/?s={search_term_string}\"},\"query-input\":{\"@type\":\"PropertyValueSpecification\",\"valueRequired\":true,\"valueName\":\"search_term_string\"}}],\"inLanguage\":\"it-IT\"},{\"@type\":\"Organization\",\"@id\":\"https:\\\/\\\/www.bancadellacalce.it\\\/bdc\\\/#organization\",\"name\":\"La Banca della Calce\",\"url\":\"https:\\\/\\\/www.bancadellacalce.it\\\/bdc\\\/\",\"logo\":{\"@type\":\"ImageObject\",\"inLanguage\":\"it-IT\",\"@id\":\"https:\\\/\\\/www.bancadellacalce.it\\\/bdc\\\/#\\\/schema\\\/logo\\\/image\\\/\",\"url\":\"https:\\\/\\\/www.bancadellacalce.it\\\/bdc\\\/wp-content\\\/uploads\\\/2016\\\/01\\\/logo-labancadellacalce.png\",\"contentUrl\":\"https:\\\/\\\/www.bancadellacalce.it\\\/bdc\\\/wp-content\\\/uploads\\\/2016\\\/01\\\/logo-labancadellacalce.png\",\"width\":729,\"height\":125,\"caption\":\"La Banca della Calce\"},\"image\":{\"@id\":\"https:\\\/\\\/www.bancadellacalce.it\\\/bdc\\\/#\\\/schema\\\/logo\\\/image\\\/\"},\"sameAs\":[\"https:\\\/\\\/www.facebook.com\\\/La-Banca-della-Calce-223667067649398\\\/\",\"https:\\\/\\\/www.instagram.com\\\/labancadellacalce\\\/\",\"https:\\\/\\\/www.linkedin.com\\\/company\\\/19183447\"]},{\"@type\":\"Person\",\"@id\":\"https:\\\/\\\/www.bancadellacalce.it\\\/bdc\\\/#\\\/schema\\\/person\\\/7e39c782e7b64a205b9a5f3bfdf5cf7b\",\"name\":\"Ilenia Ucci\",\"image\":{\"@type\":\"ImageObject\",\"inLanguage\":\"it-IT\",\"@id\":\"https:\\\/\\\/secure.gravatar.com\\\/avatar\\\/8c435332674f736442af24b7b4d565dd487c9cbb9816964ac5e67d45da94fd6b?s=96&d=mm&r=g\",\"url\":\"https:\\\/\\\/secure.gravatar.com\\\/avatar\\\/8c435332674f736442af24b7b4d565dd487c9cbb9816964ac5e67d45da94fd6b?s=96&d=mm&r=g\",\"contentUrl\":\"https:\\\/\\\/secure.gravatar.com\\\/avatar\\\/8c435332674f736442af24b7b4d565dd487c9cbb9816964ac5e67d45da94fd6b?s=96&d=mm&r=g\",\"caption\":\"Ilenia Ucci\"},\"url\":\"https:\\\/\\\/www.bancadellacalce.it\\\/bdc\\\/author\\\/elena\\\/\"}]}<\/script>\n<!-- \/ Yoast SEO plugin. -->","yoast_head_json":{"title":"STORIE DI CALCE#19: IL RACCONTO DI BARBARA","description":"Barbara Baronicini, artista visuale, ha utilizzato i nostri prodotti CalceLatte per realizzare i quadri della sua ultima mostra a Bologna.","robots":{"index":"index","follow":"follow","max-snippet":"max-snippet:-1","max-image-preview":"max-image-preview:large","max-video-preview":"max-video-preview:-1"},"canonical":"https:\/\/www.bancadellacalce.it\/bdc\/storie-di-calce19-il-racconto-di-barbara\/","og_locale":"it_IT","og_type":"article","og_title":"Storie di Calce#19: Il racconto di Barbara","og_description":"Storie di Calce \u00e8 la nostra nuova rubrica: vogliamo raccontare le vostre storie e esperienze con i prodotti di Banca della Calce. Scopri di pi\u00f9!","og_url":"https:\/\/www.bancadellacalce.it\/bdc\/storie-di-calce19-il-racconto-di-barbara\/","og_site_name":"La banca della calce","article_publisher":"https:\/\/www.facebook.com\/La-Banca-della-Calce-223667067649398\/","article_published_time":"2021-03-23T08:21:27+00:00","article_modified_time":"2026-04-07T13:51:53+00:00","og_image":[{"width":1440,"height":675,"url":"https:\/\/www.bancadellacalce.it\/bdc\/wp-content\/uploads\/2021\/03\/baroncini.jpg","type":"image\/jpeg"}],"author":"Ilenia Ucci","twitter_card":"summary_large_image","twitter_misc":{"Scritto da":"Ilenia Ucci","Tempo di lettura stimato":"5 minuti"},"schema":{"@context":"https:\/\/schema.org","@graph":[{"@type":"Article","@id":"https:\/\/www.bancadellacalce.it\/bdc\/storie-di-calce19-il-racconto-di-barbara\/#article","isPartOf":{"@id":"https:\/\/www.bancadellacalce.it\/bdc\/storie-di-calce19-il-racconto-di-barbara\/"},"author":{"name":"Ilenia Ucci","@id":"https:\/\/www.bancadellacalce.it\/bdc\/#\/schema\/person\/7e39c782e7b64a205b9a5f3bfdf5cf7b"},"headline":"STORIE DI CALCE#19: IL RACCONTO DI BARBARA","datePublished":"2021-03-23T08:21:27+00:00","dateModified":"2026-04-07T13:51:53+00:00","mainEntityOfPage":{"@id":"https:\/\/www.bancadellacalce.it\/bdc\/storie-di-calce19-il-racconto-di-barbara\/"},"wordCount":1070,"publisher":{"@id":"https:\/\/www.bancadellacalce.it\/bdc\/#organization"},"image":{"@id":"https:\/\/www.bancadellacalce.it\/bdc\/storie-di-calce19-il-racconto-di-barbara\/#primaryimage"},"thumbnailUrl":"https:\/\/www.bancadellacalce.it\/bdc\/wp-content\/uploads\/2020\/03\/tutto-verde-Barbara-Baroncini.jpg","keywords":["ambiente","calce","calcelatte","pigmenti","restauro","storie di calce","tinte a calce","tinteggiare a calce"],"articleSection":["Storie_di_calce","Storie_di_calce_CALCELATTE"],"inLanguage":"it-IT"},{"@type":"WebPage","@id":"https:\/\/www.bancadellacalce.it\/bdc\/storie-di-calce19-il-racconto-di-barbara\/","url":"https:\/\/www.bancadellacalce.it\/bdc\/storie-di-calce19-il-racconto-di-barbara\/","name":"STORIE DI CALCE#19: IL RACCONTO DI BARBARA","isPartOf":{"@id":"https:\/\/www.bancadellacalce.it\/bdc\/#website"},"primaryImageOfPage":{"@id":"https:\/\/www.bancadellacalce.it\/bdc\/storie-di-calce19-il-racconto-di-barbara\/#primaryimage"},"image":{"@id":"https:\/\/www.bancadellacalce.it\/bdc\/storie-di-calce19-il-racconto-di-barbara\/#primaryimage"},"thumbnailUrl":"https:\/\/www.bancadellacalce.it\/bdc\/wp-content\/uploads\/2020\/03\/tutto-verde-Barbara-Baroncini.jpg","datePublished":"2021-03-23T08:21:27+00:00","dateModified":"2026-04-07T13:51:53+00:00","description":"Barbara Baronicini, artista visuale, ha utilizzato i nostri prodotti CalceLatte per realizzare i quadri della sua ultima mostra a Bologna.","breadcrumb":{"@id":"https:\/\/www.bancadellacalce.it\/bdc\/storie-di-calce19-il-racconto-di-barbara\/#breadcrumb"},"inLanguage":"it-IT","potentialAction":[{"@type":"ReadAction","target":["https:\/\/www.bancadellacalce.it\/bdc\/storie-di-calce19-il-racconto-di-barbara\/"]}]},{"@type":"ImageObject","inLanguage":"it-IT","@id":"https:\/\/www.bancadellacalce.it\/bdc\/storie-di-calce19-il-racconto-di-barbara\/#primaryimage","url":"https:\/\/www.bancadellacalce.it\/bdc\/wp-content\/uploads\/2020\/03\/tutto-verde-Barbara-Baroncini.jpg","contentUrl":"https:\/\/www.bancadellacalce.it\/bdc\/wp-content\/uploads\/2020\/03\/tutto-verde-Barbara-Baroncini.jpg","width":1440,"height":675},{"@type":"BreadcrumbList","@id":"https:\/\/www.bancadellacalce.it\/bdc\/storie-di-calce19-il-racconto-di-barbara\/#breadcrumb","itemListElement":[{"@type":"ListItem","position":1,"name":"Home","item":"https:\/\/www.bancadellacalce.it\/bdc\/"},{"@type":"ListItem","position":2,"name":"STORIE DI CALCE#19: IL RACCONTO DI BARBARA"}]},{"@type":"WebSite","@id":"https:\/\/www.bancadellacalce.it\/bdc\/#website","url":"https:\/\/www.bancadellacalce.it\/bdc\/","name":"La banca della calce","description":"Costruire per natura","publisher":{"@id":"https:\/\/www.bancadellacalce.it\/bdc\/#organization"},"potentialAction":[{"@type":"SearchAction","target":{"@type":"EntryPoint","urlTemplate":"https:\/\/www.bancadellacalce.it\/bdc\/?s={search_term_string}"},"query-input":{"@type":"PropertyValueSpecification","valueRequired":true,"valueName":"search_term_string"}}],"inLanguage":"it-IT"},{"@type":"Organization","@id":"https:\/\/www.bancadellacalce.it\/bdc\/#organization","name":"La Banca della Calce","url":"https:\/\/www.bancadellacalce.it\/bdc\/","logo":{"@type":"ImageObject","inLanguage":"it-IT","@id":"https:\/\/www.bancadellacalce.it\/bdc\/#\/schema\/logo\/image\/","url":"https:\/\/www.bancadellacalce.it\/bdc\/wp-content\/uploads\/2016\/01\/logo-labancadellacalce.png","contentUrl":"https:\/\/www.bancadellacalce.it\/bdc\/wp-content\/uploads\/2016\/01\/logo-labancadellacalce.png","width":729,"height":125,"caption":"La Banca della Calce"},"image":{"@id":"https:\/\/www.bancadellacalce.it\/bdc\/#\/schema\/logo\/image\/"},"sameAs":["https:\/\/www.facebook.com\/La-Banca-della-Calce-223667067649398\/","https:\/\/www.instagram.com\/labancadellacalce\/","https:\/\/www.linkedin.com\/company\/19183447"]},{"@type":"Person","@id":"https:\/\/www.bancadellacalce.it\/bdc\/#\/schema\/person\/7e39c782e7b64a205b9a5f3bfdf5cf7b","name":"Ilenia Ucci","image":{"@type":"ImageObject","inLanguage":"it-IT","@id":"https:\/\/secure.gravatar.com\/avatar\/8c435332674f736442af24b7b4d565dd487c9cbb9816964ac5e67d45da94fd6b?s=96&d=mm&r=g","url":"https:\/\/secure.gravatar.com\/avatar\/8c435332674f736442af24b7b4d565dd487c9cbb9816964ac5e67d45da94fd6b?s=96&d=mm&r=g","contentUrl":"https:\/\/secure.gravatar.com\/avatar\/8c435332674f736442af24b7b4d565dd487c9cbb9816964ac5e67d45da94fd6b?s=96&d=mm&r=g","caption":"Ilenia Ucci"},"url":"https:\/\/www.bancadellacalce.it\/bdc\/author\/elena\/"}]}},"_links":{"self":[{"href":"https:\/\/www.bancadellacalce.it\/bdc\/wp-json\/wp\/v2\/posts\/36786","targetHints":{"allow":["GET"]}}],"collection":[{"href":"https:\/\/www.bancadellacalce.it\/bdc\/wp-json\/wp\/v2\/posts"}],"about":[{"href":"https:\/\/www.bancadellacalce.it\/bdc\/wp-json\/wp\/v2\/types\/post"}],"author":[{"embeddable":true,"href":"https:\/\/www.bancadellacalce.it\/bdc\/wp-json\/wp\/v2\/users\/9"}],"replies":[{"embeddable":true,"href":"https:\/\/www.bancadellacalce.it\/bdc\/wp-json\/wp\/v2\/comments?post=36786"}],"version-history":[{"count":1,"href":"https:\/\/www.bancadellacalce.it\/bdc\/wp-json\/wp\/v2\/posts\/36786\/revisions"}],"predecessor-version":[{"id":84597,"href":"https:\/\/www.bancadellacalce.it\/bdc\/wp-json\/wp\/v2\/posts\/36786\/revisions\/84597"}],"wp:featuredmedia":[{"embeddable":true,"href":"https:\/\/www.bancadellacalce.it\/bdc\/wp-json\/wp\/v2\/media\/41935"}],"wp:attachment":[{"href":"https:\/\/www.bancadellacalce.it\/bdc\/wp-json\/wp\/v2\/media?parent=36786"}],"wp:term":[{"taxonomy":"category","embeddable":true,"href":"https:\/\/www.bancadellacalce.it\/bdc\/wp-json\/wp\/v2\/categories?post=36786"},{"taxonomy":"post_tag","embeddable":true,"href":"https:\/\/www.bancadellacalce.it\/bdc\/wp-json\/wp\/v2\/tags?post=36786"},{"taxonomy":"post_series","embeddable":true,"href":"https:\/\/www.bancadellacalce.it\/bdc\/wp-json\/wp\/v2\/post_series?post=36786"}],"curies":[{"name":"wp","href":"https:\/\/api.w.org\/{rel}","templated":true}]}}