{"id":29771,"date":"2020-08-11T19:04:41","date_gmt":"2020-08-11T17:04:41","guid":{"rendered":"https:\/\/www.bancadellacalce.it\/bdc\/?p=29771"},"modified":"2022-04-25T10:37:30","modified_gmt":"2022-04-25T08:37:30","slug":"storie-di-calce13-il-racconto-di-daniela","status":"publish","type":"post","link":"https:\/\/www.bancadellacalce.it\/bdc\/storie-di-calce13-il-racconto-di-daniela\/","title":{"rendered":"STORIE DI CALCE#13 IL RACCONTO DI DANIELA"},"content":{"rendered":"<section class=\"wpb-content-wrapper\">[vc_row full_width=&#8221;stretch_row&#8221; min_height=&#8221;650&#8243; css=&#8221;.vc_custom_1602823407544{background-image: url(https:\/\/www.bancadellacalce.it\/bdc\/wp-content\/uploads\/2020\/08\/200706_Cento_05.jpg?id=29809) !important;background-position: center !important;background-repeat: no-repeat !important;background-size: cover !important;}&#8221;][vc_column width=&#8221;1\/2&#8243;][vc_empty_space height=&#8221;350px&#8221;][vc_column_text css=&#8221;.vc_custom_1650875785739{padding-top: 20px !important;padding-right: 20px !important;padding-bottom: 20px !important;padding-left: 20px !important;background-color: rgba(0,0,0,0.49) !important;*background-color: rgb(0,0,0) !important;}&#8221;]\n<h1 style=\"text-align: center;\"><span style=\"color: #ffffff;\">STORIE DI CALCE#13<\/span><br \/>\n<span style=\"color: #ffffff;\">DALLA PROVINCIA DI FERRARA<\/span><br \/>\n<span style=\"color: #ffffff;\">IL RACCONTO DI DANIELA<\/span><\/h1>\n[\/vc_column_text][\/vc_column][vc_column width=&#8221;1\/2&#8243;][\/vc_column][\/vc_row][vc_row full_width=&#8221;stretch_row&#8221; css=&#8221;.vc_custom_1574620385468{background-color: #dddddd !important;}&#8221;][vc_column][vc_empty_space height=&#8221;16px&#8221;][vc_column_text]<em>Con <\/em><strong><em>Storie di Calce<\/em><\/strong>\u00a0raccontiamo le\u00a0<strong>esperienze di clienti, appassionati <\/strong>e di tutti<strong> coloro che lavorano con la calce. <\/strong>Spunti, aneddoti e, perch\u00e9 no, qualche esempio delle realizzazioni che si possono fare con i nostri materiali.<\/p>\n<p>In questo tredicesimo appuntamento raccontiamo la storia di <strong>Daniela Fabbri<\/strong>\u00a0che per la sua casa di Cento, in provincia di Ferrara, ha utilizzato le tinte della linea CalceLatte.<\/p>\n<p>La ringraziamo per aver condiviso con noi la sua esperienza e ti auguriamo buona lettura![\/vc_column_text][\/vc_column][\/vc_row][vc_row full_width=&#8221;stretch_row&#8221; column_spacing=&#8221;40&#8243;][vc_column][vc_column_text]\n<h2>Perch\u00e9 la scelta della calce?<\/h2>\n<blockquote><p><span style=\"color: #000000;\"><img loading=\"lazy\" decoding=\"async\" class=\"alignright wp-image-29825 size-thumbnail\" src=\"https:\/\/www.bancadellacalce.it\/bdc\/wp-content\/uploads\/2020\/08\/200706_Cento_05-1-150x150.jpg\" alt=\"\" width=\"150\" height=\"150\" srcset=\"https:\/\/www.bancadellacalce.it\/bdc\/wp-content\/uploads\/2020\/08\/200706_Cento_05-1-150x150.jpg 150w, https:\/\/www.bancadellacalce.it\/bdc\/wp-content\/uploads\/2020\/08\/200706_Cento_05-1-300x300.jpg 300w, https:\/\/www.bancadellacalce.it\/bdc\/wp-content\/uploads\/2020\/08\/200706_Cento_05-1-1024x1024.jpg 1024w, https:\/\/www.bancadellacalce.it\/bdc\/wp-content\/uploads\/2020\/08\/200706_Cento_05-1-768x768.jpg 768w, https:\/\/www.bancadellacalce.it\/bdc\/wp-content\/uploads\/2020\/08\/200706_Cento_05-1-600x600.jpg 600w, https:\/\/www.bancadellacalce.it\/bdc\/wp-content\/uploads\/2020\/08\/200706_Cento_05-1-100x100.jpg 100w, https:\/\/www.bancadellacalce.it\/bdc\/wp-content\/uploads\/2020\/08\/200706_Cento_05-1.jpg 1080w\" sizes=\"auto, (max-width: 150px) 100vw, 150px\" \/>Cercavo delle tinte da utilizzare per dipingere le pareti di casa, che risale al 1400 ed \u00e8 molto particolare: non volevo un colore piatto, cercavo qualcosa di speciale. Sono capitata quasi per caso nell&#8217;atelier di <a href=\"https:\/\/ars-lab.it\/\" target=\"_blank\" rel=\"noopener noreferrer\">Enrica Moratelli<\/a> e sono rimasta subito colpita dalle <strong>tinte a calce<\/strong> e dall&#8217;effetto che danno, mosso e con mille sfumature: esattamente quello che cercavo. All&#8217;inizio pensavo di utilizzarle solo per un piano, ma mi \u00e8 piaciuto talmente tanto il risultato che ho deciso di utilizzarle per tutta la casa. Ho avuto la fortuna di avere <\/span><span style=\"color: #000000;\">Enrica Moratelli come consulente per il colore e mi ha consigliato sulla scelta delle tinte e delle tonalit\u00e0. \u00c8 stata lei a farmi conoscere la Banca della Calce e a illustrarmi <strong>le propriet\u00e0 della calce<\/strong> <strong>e i benefici che genera il suo utilizzo<\/strong> (\u00e8 un antimuffa e anti-umidit\u00e0 naturale). Se gi\u00e0 mi avevano colpito per la bellissima resa estetica, questo loro aspetto &#8220;salutare&#8221; mi ha convinto definitivamente.\u00a0<\/span><\/p><\/blockquote>\n<h2>Come ha utilizzato le tinte a calce?<\/h2>\n<blockquote><p><span data-sheets-value=\"{&quot;1&quot;:2,&quot;2&quot;:&quot;colori + miscele &gt; ricette e quantitat\u00e0 sul sito. Utilizzati per le pareti interne. Abbiamo quasi finito ma \u00e8 una storia lunga perch\u00e8 la casa \u00e8 grande. Fondo preparazione del muro + calcelatte miscelata con le polveri (2 colori per arrivare al lilla). miscelazione e preparazione fatta da lei con acqua e diluendo aggiungendo piano piano le polveri per arrivare al colore. Nel tempo si \u00e8 un po' schiarito ma si unito nel tempo (dopo 1 anno= ha preso nuove sfumature che prima non aveva e \u00e8 ancor api\u00f9 bella &gt; leggermente schiarito ma con nuove e pi\u00f9 belle. HO fatto la stanza pi\u00f9 grande 50mq2, le altre le aveva gi\u00e0 fatte il resturatore con gli altri colori suoi, sono belli lo stesso ma meno naturali. la stanza pi\u00f9 importante + comprato anche pennelli apposta&quot;}\" data-sheets-userformat=\"{&quot;2&quot;:13057,&quot;3&quot;:{&quot;1&quot;:0},&quot;11&quot;:4,&quot;12&quot;:0,&quot;15&quot;:&quot;Play&quot;,&quot;16&quot;:10}\"><img loading=\"lazy\" decoding=\"async\" class=\"alignright wp-image-29823 size-thumbnail\" src=\"https:\/\/www.bancadellacalce.it\/bdc\/wp-content\/uploads\/2020\/08\/200706_Cento_06-150x150.jpg\" alt=\"\" width=\"150\" height=\"150\" srcset=\"https:\/\/www.bancadellacalce.it\/bdc\/wp-content\/uploads\/2020\/08\/200706_Cento_06-150x150.jpg 150w, https:\/\/www.bancadellacalce.it\/bdc\/wp-content\/uploads\/2020\/08\/200706_Cento_06-300x300.jpg 300w, https:\/\/www.bancadellacalce.it\/bdc\/wp-content\/uploads\/2020\/08\/200706_Cento_06-1024x1024.jpg 1024w, https:\/\/www.bancadellacalce.it\/bdc\/wp-content\/uploads\/2020\/08\/200706_Cento_06-768x768.jpg 768w, https:\/\/www.bancadellacalce.it\/bdc\/wp-content\/uploads\/2020\/08\/200706_Cento_06-600x600.jpg 600w, https:\/\/www.bancadellacalce.it\/bdc\/wp-content\/uploads\/2020\/08\/200706_Cento_06-100x100.jpg 100w, https:\/\/www.bancadellacalce.it\/bdc\/wp-content\/uploads\/2020\/08\/200706_Cento_06.jpg 1080w\" sizes=\"auto, (max-width: 150px) 100vw, 150px\" \/><span style=\"color: #000000;\">La casa \u00e8 originaria del 1400, ma all&#8217;inizio del 1900 \u00e8 stata danneggiata notevolmente da un incendio, quindi si pu\u00f2 dire che \u00e8 del secolo scorso. Ho scelto di utilizzare le tinte a calce per le pareti interne, tranne i bagni che sono in resina (l&#8217;esterno, originale, \u00e8 in pietra a vista ed \u00e8 tutelato dalla Soprintendenza): ho optato per <strong>un colore neutro, un beige un po&#8217; sporcato, che stesse bene con le travi in legno a vista e il parquet<\/strong>. Ho rifinito tutte le stanze con una cornice pi\u00f9 chiara nella parte alta delle pareti. Tutto il lavoro di tinteggiatura \u00e8 stato eseguito da <strong>Enrica<\/strong>, che \u00e8 stata bravissima, precisa e puntuale. Oltre alle pareti, ha dipinto anche le porte, i battiscopa, le travi: tutto il lavoro si \u00e8 concluso nel giro di 2-3 settimane.<\/span><\/span><\/p><\/blockquote>\n[\/vc_column_text][vc_column_text]\n<h2>Ha qualche aneddoto particolare da raccontarci accaduto durante la lavorazione? <img loading=\"lazy\" decoding=\"async\" class=\"alignright wp-image-29827 size-thumbnail\" src=\"https:\/\/www.bancadellacalce.it\/bdc\/wp-content\/uploads\/2020\/08\/200706_Cento_20-150x150.jpg\" alt=\"\" width=\"150\" height=\"150\" srcset=\"https:\/\/www.bancadellacalce.it\/bdc\/wp-content\/uploads\/2020\/08\/200706_Cento_20-150x150.jpg 150w, https:\/\/www.bancadellacalce.it\/bdc\/wp-content\/uploads\/2020\/08\/200706_Cento_20-300x300.jpg 300w, https:\/\/www.bancadellacalce.it\/bdc\/wp-content\/uploads\/2020\/08\/200706_Cento_20-1024x1024.jpg 1024w, https:\/\/www.bancadellacalce.it\/bdc\/wp-content\/uploads\/2020\/08\/200706_Cento_20-768x768.jpg 768w, https:\/\/www.bancadellacalce.it\/bdc\/wp-content\/uploads\/2020\/08\/200706_Cento_20-600x600.jpg 600w, https:\/\/www.bancadellacalce.it\/bdc\/wp-content\/uploads\/2020\/08\/200706_Cento_20-100x100.jpg 100w, https:\/\/www.bancadellacalce.it\/bdc\/wp-content\/uploads\/2020\/08\/200706_Cento_20.jpg 1080w\" sizes=\"auto, (max-width: 150px) 100vw, 150px\" \/><\/h2>\n<blockquote><p><span style=\"color: #000000;\" data-sheets-value=\"{&quot;1&quot;:2,&quot;2&quot;:&quot;ho chiamato amiche a aiutarmi e \u00e8 stato molto divertente. La cosa pi\u00f9 divertente \u00e8 stata la ricerac del colore, tornare indietro nle tempo con miscuglio e polvere e fatto tutto a mano \u00e8 stato faticoso (facevamo i turni per girare) perch\u00e8 era faticoso. Abbiamo fatto in 3 per mescolare e miscelare perch\u00e8 faticoso. Le maghe che miscelano pozioni, come le stregeh di una volta. Mi sono piaciyte molto anche colme odore. Adesso sto notando che spostando i quadri &gt; sotto i quadri il colore \u00e8 molto pi\u00f9 vivo, il resto si \u00e8 schiarito molto. Intatta la tonalit\u00e0 ma si \u00e8 schiarito molto. &quot;}\" data-sheets-userformat=\"{&quot;2&quot;:13057,&quot;3&quot;:{&quot;1&quot;:0},&quot;11&quot;:4,&quot;12&quot;:0,&quot;15&quot;:&quot;Play&quot;,&quot;16&quot;:10}\">Non ho particolari aneddoti, ma sicuramente <strong>se ripenso al cantiere la prima cosa che sento \u00e8 l&#8217;emozione<\/strong>: quella che ho provato nel\u00a0 vedere la bellezza della prima stanza finita e quella fortissima che ho sentito quando ho visto la casa terminata e che, quando mi guardo intorno, provo tutt&#8217;ora, oltre 8 mesi dopo. Sono estremamente soddisfatta della scelta e del risultato finale.<strong> Ho deciso di utilizzare la calce principalmente per necessit\u00e0 estetiche, ma ne ho scoperto anche i benefici in termini di salubrit\u00e0<\/strong>: sia in inverno che in estate la temperatura e l&#8217;aria in casa sono perfette; ho proprio la sensazione di respirare bene. \u00c8 una scelta che rifarei subito, infatti la consiglio a tutti i miei conoscenti! Quando dovr\u00f2 ritinteggiare, la user\u00f2 sicuramente ancora e chiss\u00e0 che non cambi colore.<\/span><\/p><\/blockquote>\n[\/vc_column_text][\/vc_column][\/vc_row][vc_row full_width=&#8221;stretch_row&#8221; css=&#8221;.vc_custom_1613766594137{background-color: #000000 !important;}&#8221;][vc_column][vc_empty_space][vc_empty_space]<div class=\"wpex-slider-preloaderimg \"><img loading=\"lazy\" decoding=\"async\" data-no-lazy=\"1\" class=\"skip-lazy\" src=\"https:\/\/www.bancadellacalce.it\/bdc\/wp-content\/uploads\/2020\/08\/200706_Cento_02.jpg\" alt='' data-no-retina width=\"1440\" height=\"675\" \/><\/div><div class=\"vcex-module wpex-slider slider-pro no-margin-thumbnails vcex-image-gallery-slider clr\" data-thumbnails=\"true\" data-thumbnail-height=\"auto\" data-auto-play-delay=\"5000\" data-animation-speed=\"600\"><div class=\"wpex-slider-slides sp-slides\"><div class=\"wpex-slider-slide sp-slide\"><div class=\"wpex-slider-media\"><img loading=\"lazy\" decoding=\"async\" data-no-lazy=\"1\" class=\"skip-lazy\" src=\"https:\/\/www.bancadellacalce.it\/bdc\/wp-content\/uploads\/2020\/08\/200706_Cento_02.jpg\" alt='' data-no-retina width=\"1440\" height=\"675\" \/><\/div><\/div><div class=\"wpex-slider-slide sp-slide\"><div class=\"wpex-slider-media\"><img loading=\"lazy\" decoding=\"async\" data-no-lazy=\"1\" class=\"skip-lazy\" alt=\"Calcelatte - TERRA OMBRA 50\" src=\"https:\/\/www.bancadellacalce.it\/bdc\/wp-content\/uploads\/2020\/08\/200706_Cento_09.jpg\" data-no-retina width=\"1440\" height=\"675\" \/><\/div><\/div><div class=\"wpex-slider-slide sp-slide\"><div class=\"wpex-slider-media\"><img loading=\"lazy\" decoding=\"async\" data-no-lazy=\"1\" class=\"skip-lazy\" alt=\"Calcelatte - TERRA OMBRA 50\" src=\"https:\/\/www.bancadellacalce.it\/bdc\/wp-content\/uploads\/2020\/08\/200706_Cento_04.jpg\" data-no-retina width=\"1440\" height=\"675\" \/><\/div><\/div><div class=\"wpex-slider-slide sp-slide\"><div class=\"wpex-slider-media\"><img loading=\"lazy\" decoding=\"async\" data-no-lazy=\"1\" class=\"skip-lazy\" src=\"https:\/\/www.bancadellacalce.it\/bdc\/wp-content\/uploads\/2020\/08\/200706_Cento_21.jpg\" alt='' data-no-retina width=\"1440\" height=\"675\" \/><\/div><\/div><div class=\"wpex-slider-slide sp-slide\"><div class=\"wpex-slider-media\"><img loading=\"lazy\" decoding=\"async\" data-no-lazy=\"1\" class=\"skip-lazy\" alt=\"Calcelatte - TERRA OMBRA 50\" src=\"https:\/\/www.bancadellacalce.it\/bdc\/wp-content\/uploads\/2020\/08\/200706_Cento_22.jpg\" data-no-retina width=\"1440\" height=\"675\" \/><\/div><\/div><\/div><div class=\"wpex-slider-thumbnails sp-nc-thumbnails cols-5\"><img loading=\"lazy\" decoding=\"async\" data-no-lazy=\"1\" class=\"wpex-slider-thumbnail sp-nc-thumbnail skip-lazy\" src=\"https:\/\/www.bancadellacalce.it\/bdc\/wp-content\/uploads\/2020\/08\/200706_Cento_02.jpg\" alt='' data-no-retina width=\"1440\" height=\"675\" \/><img loading=\"lazy\" decoding=\"async\" data-no-lazy=\"1\" class=\"wpex-slider-thumbnail sp-nc-thumbnail skip-lazy\" src=\"https:\/\/www.bancadellacalce.it\/bdc\/wp-content\/uploads\/2020\/08\/200706_Cento_09.jpg\" alt=\"Calcelatte - TERRA OMBRA 50\" data-no-retina width=\"1440\" height=\"675\" \/><img loading=\"lazy\" decoding=\"async\" data-no-lazy=\"1\" class=\"wpex-slider-thumbnail sp-nc-thumbnail skip-lazy\" src=\"https:\/\/www.bancadellacalce.it\/bdc\/wp-content\/uploads\/2020\/08\/200706_Cento_04.jpg\" alt=\"Calcelatte - TERRA OMBRA 50\" data-no-retina width=\"1440\" height=\"675\" \/><img loading=\"lazy\" decoding=\"async\" data-no-lazy=\"1\" class=\"wpex-slider-thumbnail sp-nc-thumbnail skip-lazy\" src=\"https:\/\/www.bancadellacalce.it\/bdc\/wp-content\/uploads\/2020\/08\/200706_Cento_21.jpg\" alt='' data-no-retina width=\"1440\" height=\"675\" \/><img loading=\"lazy\" decoding=\"async\" data-no-lazy=\"1\" class=\"wpex-slider-thumbnail sp-nc-thumbnail skip-lazy\" src=\"https:\/\/www.bancadellacalce.it\/bdc\/wp-content\/uploads\/2020\/08\/200706_Cento_22.jpg\" alt=\"Calcelatte - TERRA OMBRA 50\" data-no-retina width=\"1440\" height=\"675\" \/><\/div><\/div>[vc_empty_space][\/vc_column][\/vc_row][vc_row full_width=&#8221;stretch_row&#8221;][vc_column][vc_column_text]\n<div class=\"wpb_text_column wpb_content_element \">\n<div class=\"wpb_wrapper\">\n<h2 style=\"text-align: center;\">I PRODOTTI UTILIZZATI DA DANIELA<\/h2>\n<\/div>\n<\/div>\n[\/vc_column_text][vc_empty_space]<div class=\"woocommerce columns-3 \">\n<ul class=\"products wpex-row clr match-height-grid\"><li class=\"entry has-media col wpex-woo-entry span_1_of_3 product type-product post-6562 status-publish first instock product_cat-accessori product_cat-accessori-strumenti has-post-thumbnail shipping-taxable purchasable product-type-simple\">\n\t<div class=\"product-inner clr\"><div class=\"wpex-loop-product-images\"><a href=\"https:\/\/www.bancadellacalce.it\/bdc\/prodotto\/pennello-calcelatte\/\" class=\"woocommerce-LoopProduct-link woocommerce-loop-product__link\">\n\t<img loading=\"lazy\" decoding=\"async\" class=\"woo-entry-image-main wp-post-image\" alt=\"PENNELLO DA CALCE  OVALE\" src=\"https:\/\/www.bancadellacalce.it\/bdc\/wp-content\/uploads\/2016\/01\/pennello_ovale_calcelatte.jpg\" data-no-retina width=\"567\" height=\"567\" \/>\n<\/a><\/div><div class=\"product-details match-height-content\"><h3 class=\"woocommerce-loop-product__title\">PENNELLO DA CALCE <span id=\"titolo-prodotti\"> OVALE<\/h3>\n\t<span class=\"price\"><span class=\"woocommerce-Price-amount amount\"><bdi>28,50<span class=\"woocommerce-Price-currencySymbol\">&euro;<\/span><\/bdi><\/span><\/span>\n<\/div><a href=\"\/bdc\/wp-json\/wp\/v2\/posts\/29771?add-to-cart=6562\" aria-describedby=\"woocommerce_loop_add_to_cart_link_describedby_6562\" data-quantity=\"1\" class=\"button product_type_simple add_to_cart_button ajax_add_to_cart\" data-product_id=\"6562\" data-product_sku=\"\" aria-label=\"Aggiungi al carrello: &quot;PENNELLO DA CALCE | OVALE&quot;\" rel=\"nofollow\" data-success_message=\"&quot;PENNELLO DA CALCE | OVALE&quot; \u00e8 stato aggiunto al tuo carrello\" role=\"button\">Acquista<\/a>\t<span id=\"woocommerce_loop_add_to_cart_link_describedby_6562\" class=\"screen-reader-text\">\n\t\t\t<\/span>\n<span class=\"gtm4wp_productdata\" style=\"display:none; visibility:hidden;\" data-gtm4wp_product_data=\"{&quot;internal_id&quot;:6562,&quot;item_id&quot;:6562,&quot;item_name&quot;:&quot;PENNELLO DA CALCE | OVALE&quot;,&quot;sku&quot;:6562,&quot;price&quot;:28.5,&quot;stocklevel&quot;:null,&quot;stockstatus&quot;:&quot;instock&quot;,&quot;google_business_vertical&quot;:&quot;retail&quot;,&quot;item_category&quot;:&quot;accessori-&gt;strumenti&quot;,&quot;id&quot;:6562,&quot;productlink&quot;:&quot;https:\\\/\\\/www.bancadellacalce.it\\\/bdc\\\/prodotto\\\/pennello-calcelatte\\\/&quot;,&quot;item_list_name&quot;:&quot;General Product List&quot;,&quot;index&quot;:1,&quot;product_type&quot;:&quot;simple&quot;,&quot;item_brand&quot;:&quot;&quot;}\"><\/span><\/div><\/li>\n<li class=\"entry has-media col wpex-woo-entry span_1_of_3 product type-product post-6558 status-publish instock product_cat-accessori product_cat-accessori-strumenti has-post-thumbnail sold-individually shipping-taxable purchasable product-type-simple\">\n\t<div class=\"product-inner clr\"><div class=\"wpex-loop-product-images\"><a href=\"https:\/\/www.bancadellacalce.it\/bdc\/prodotto\/coppa-ford\/\" class=\"woocommerce-LoopProduct-link woocommerce-loop-product__link\">\n\t<img loading=\"lazy\" decoding=\"async\" class=\"woo-entry-image-main wp-post-image\" alt=\"COPPA FORD   DENSIMETRO\" src=\"https:\/\/www.bancadellacalce.it\/bdc\/wp-content\/uploads\/2016\/01\/Densimetro_coppa_ford-e1711461832102.jpg\" data-no-retina width=\"567\" height=\"567\" \/>\n<\/a><\/div><div class=\"product-details match-height-content\"><h3 class=\"woocommerce-loop-product__title\">COPPA FORD  <span id=\"titolo-prodotti\"> DENSIMETRO<\/h3>\n\t<span class=\"price\"><span class=\"woocommerce-Price-amount amount\"><bdi>12,00<span class=\"woocommerce-Price-currencySymbol\">&euro;<\/span><\/bdi><\/span><\/span>\n<\/div><a href=\"\/bdc\/wp-json\/wp\/v2\/posts\/29771?add-to-cart=6558\" aria-describedby=\"woocommerce_loop_add_to_cart_link_describedby_6558\" data-quantity=\"1\" class=\"button product_type_simple add_to_cart_button ajax_add_to_cart\" data-product_id=\"6558\" data-product_sku=\"\" aria-label=\"Aggiungi al carrello: &quot;COPPA FORD  | DENSIMETRO&quot;\" rel=\"nofollow\" data-success_message=\"&quot;COPPA FORD  | DENSIMETRO&quot; \u00e8 stato aggiunto al tuo carrello\" role=\"button\">Acquista<\/a>\t<span id=\"woocommerce_loop_add_to_cart_link_describedby_6558\" class=\"screen-reader-text\">\n\t\t\t<\/span>\n<span class=\"gtm4wp_productdata\" style=\"display:none; visibility:hidden;\" data-gtm4wp_product_data=\"{&quot;internal_id&quot;:6558,&quot;item_id&quot;:6558,&quot;item_name&quot;:&quot;COPPA FORD  | DENSIMETRO&quot;,&quot;sku&quot;:6558,&quot;price&quot;:12,&quot;stocklevel&quot;:null,&quot;stockstatus&quot;:&quot;instock&quot;,&quot;google_business_vertical&quot;:&quot;retail&quot;,&quot;item_category&quot;:&quot;accessori-&gt;strumenti&quot;,&quot;id&quot;:6558,&quot;productlink&quot;:&quot;https:\\\/\\\/www.bancadellacalce.it\\\/bdc\\\/prodotto\\\/coppa-ford\\\/&quot;,&quot;item_list_name&quot;:&quot;General Product List&quot;,&quot;index&quot;:2,&quot;product_type&quot;:&quot;simple&quot;,&quot;item_brand&quot;:&quot;&quot;}\"><\/span><\/div><\/li>\n<\/ul>\n<\/div>[\/vc_column][\/vc_row][vc_row full_width=&#8221;stretch_row&#8221;][vc_column][vc_column_text]\n<div class=\"wpb_text_column wpb_content_element \">\n<div class=\"wpb_wrapper\">\n<h2 style=\"text-align: center;\">ALTRE STORIE DI CALCE<\/h2>\n<\/div>\n<\/div>\n[\/vc_column_text][vc_empty_space][vc_basic_grid post_type=&#8221;post&#8221; max_items=&#8221;3&#8243; orderby=&#8221;rand&#8221; item=&#8221;6836&#8243; grid_id=&#8221;vc_gid:1650875818992-a4ba744e-7f97-5&#8243; taxonomies=&#8221;236&#8243;][\/vc_column][\/vc_row][vc_column][\/vc_column]\n<\/section>","protected":false},"excerpt":{"rendered":"<p>In questo tredicesimo appuntamento raccontiamo la storia di Daniela Fabbri\u00a0che per la sua casa di Cento, in provincia di Ferrara, ha utilizzato le tinte della linea CalceLatte.  Buona lettura!<\/p>\n","protected":false},"author":9,"featured_media":29809,"comment_status":"closed","ping_status":"closed","sticky":false,"template":"","format":"standard","meta":{"_joinchat":[],"footnotes":""},"categories":[231,236],"tags":[167,119,77,206,183,205,207,176],"post_series":[103],"class_list":["post-29771","post","type-post","status-publish","format-standard","has-post-thumbnail","hentry","category-storie-di-calce","category-storie_di_calce_calcelatte","tag-ambiente","tag-calce","tag-calcelatte","tag-pigmenti","tag-restauro","tag-storie-di-calce","tag-tinte-a-calce","tag-tinteggiare-a-calce","post_series-news","entry","has-media"],"yoast_head":"<!-- This site is optimized with the Yoast SEO plugin v27.4 - https:\/\/yoast.com\/product\/yoast-seo-wordpress\/ -->\n<title>Storie di Calce: il racconto di Daniela | BANCA della CALCE<\/title>\n<meta name=\"description\" content=\"Oggi raccontiamo la storia di Daniela che per la sua abitazione ha utilizzato le tinte della linea CalceLatte.\" \/>\n<meta name=\"robots\" content=\"index, follow, max-snippet:-1, max-image-preview:large, max-video-preview:-1\" \/>\n<link rel=\"canonical\" href=\"https:\/\/www.bancadellacalce.it\/bdc\/storie-di-calce13-il-racconto-di-daniela\/\" \/>\n<meta property=\"og:locale\" content=\"it_IT\" \/>\n<meta property=\"og:type\" content=\"article\" \/>\n<meta property=\"og:title\" content=\"Storie di Calce: il racconto di Daniela Fabbri\" \/>\n<meta property=\"og:description\" content=\"Storie di Calce \u00e8 la nostra nuova rubrica: vogliamo raccontare le vostre storie e esperienze con i prodotti di Banca della Calce. Scopri di pi\u00f9!\" \/>\n<meta property=\"og:url\" content=\"https:\/\/www.bancadellacalce.it\/bdc\/storie-di-calce13-il-racconto-di-daniela\/\" \/>\n<meta property=\"og:site_name\" content=\"La banca della calce\" \/>\n<meta property=\"article:publisher\" content=\"https:\/\/www.facebook.com\/La-Banca-della-Calce-223667067649398\/\" \/>\n<meta property=\"article:published_time\" content=\"2020-08-11T17:04:41+00:00\" \/>\n<meta property=\"article:modified_time\" content=\"2022-04-25T08:37:30+00:00\" \/>\n<meta property=\"og:image\" content=\"https:\/\/www.bancadellacalce.it\/bdc\/wp-content\/uploads\/2020\/08\/200706_Cento_05.jpg\" \/>\n\t<meta property=\"og:image:width\" content=\"1440\" \/>\n\t<meta property=\"og:image:height\" content=\"675\" \/>\n\t<meta property=\"og:image:type\" content=\"image\/jpeg\" \/>\n<meta name=\"author\" content=\"Ilenia Ucci\" \/>\n<meta name=\"twitter:card\" content=\"summary_large_image\" \/>\n<meta name=\"twitter:label1\" content=\"Scritto da\" \/>\n\t<meta name=\"twitter:data1\" content=\"Ilenia Ucci\" \/>\n\t<meta name=\"twitter:label2\" content=\"Tempo di lettura stimato\" \/>\n\t<meta name=\"twitter:data2\" content=\"4 minuti\" \/>\n<script type=\"application\/ld+json\" class=\"yoast-schema-graph\">{\"@context\":\"https:\\\/\\\/schema.org\",\"@graph\":[{\"@type\":\"Article\",\"@id\":\"https:\\\/\\\/www.bancadellacalce.it\\\/bdc\\\/storie-di-calce13-il-racconto-di-daniela\\\/#article\",\"isPartOf\":{\"@id\":\"https:\\\/\\\/www.bancadellacalce.it\\\/bdc\\\/storie-di-calce13-il-racconto-di-daniela\\\/\"},\"author\":{\"name\":\"Ilenia Ucci\",\"@id\":\"https:\\\/\\\/www.bancadellacalce.it\\\/bdc\\\/#\\\/schema\\\/person\\\/7e39c782e7b64a205b9a5f3bfdf5cf7b\"},\"headline\":\"STORIE DI CALCE#13 IL RACCONTO DI DANIELA\",\"datePublished\":\"2020-08-11T17:04:41+00:00\",\"dateModified\":\"2022-04-25T08:37:30+00:00\",\"mainEntityOfPage\":{\"@id\":\"https:\\\/\\\/www.bancadellacalce.it\\\/bdc\\\/storie-di-calce13-il-racconto-di-daniela\\\/\"},\"wordCount\":777,\"publisher\":{\"@id\":\"https:\\\/\\\/www.bancadellacalce.it\\\/bdc\\\/#organization\"},\"image\":{\"@id\":\"https:\\\/\\\/www.bancadellacalce.it\\\/bdc\\\/storie-di-calce13-il-racconto-di-daniela\\\/#primaryimage\"},\"thumbnailUrl\":\"https:\\\/\\\/www.bancadellacalce.it\\\/bdc\\\/wp-content\\\/uploads\\\/2020\\\/08\\\/200706_Cento_05.jpg\",\"keywords\":[\"ambiente\",\"calce\",\"calcelatte\",\"pigmenti\",\"restauro\",\"storie di calce\",\"tinte a calce\",\"tinteggiare a calce\"],\"articleSection\":[\"Storie_di_calce\",\"Storie_di_calce_CALCELATTE\"],\"inLanguage\":\"it-IT\"},{\"@type\":\"WebPage\",\"@id\":\"https:\\\/\\\/www.bancadellacalce.it\\\/bdc\\\/storie-di-calce13-il-racconto-di-daniela\\\/\",\"url\":\"https:\\\/\\\/www.bancadellacalce.it\\\/bdc\\\/storie-di-calce13-il-racconto-di-daniela\\\/\",\"name\":\"Storie di Calce: il racconto di Daniela | BANCA della CALCE\",\"isPartOf\":{\"@id\":\"https:\\\/\\\/www.bancadellacalce.it\\\/bdc\\\/#website\"},\"primaryImageOfPage\":{\"@id\":\"https:\\\/\\\/www.bancadellacalce.it\\\/bdc\\\/storie-di-calce13-il-racconto-di-daniela\\\/#primaryimage\"},\"image\":{\"@id\":\"https:\\\/\\\/www.bancadellacalce.it\\\/bdc\\\/storie-di-calce13-il-racconto-di-daniela\\\/#primaryimage\"},\"thumbnailUrl\":\"https:\\\/\\\/www.bancadellacalce.it\\\/bdc\\\/wp-content\\\/uploads\\\/2020\\\/08\\\/200706_Cento_05.jpg\",\"datePublished\":\"2020-08-11T17:04:41+00:00\",\"dateModified\":\"2022-04-25T08:37:30+00:00\",\"description\":\"Oggi raccontiamo la storia di Daniela che per la sua abitazione ha utilizzato le tinte della linea CalceLatte.\",\"breadcrumb\":{\"@id\":\"https:\\\/\\\/www.bancadellacalce.it\\\/bdc\\\/storie-di-calce13-il-racconto-di-daniela\\\/#breadcrumb\"},\"inLanguage\":\"it-IT\",\"potentialAction\":[{\"@type\":\"ReadAction\",\"target\":[\"https:\\\/\\\/www.bancadellacalce.it\\\/bdc\\\/storie-di-calce13-il-racconto-di-daniela\\\/\"]}]},{\"@type\":\"ImageObject\",\"inLanguage\":\"it-IT\",\"@id\":\"https:\\\/\\\/www.bancadellacalce.it\\\/bdc\\\/storie-di-calce13-il-racconto-di-daniela\\\/#primaryimage\",\"url\":\"https:\\\/\\\/www.bancadellacalce.it\\\/bdc\\\/wp-content\\\/uploads\\\/2020\\\/08\\\/200706_Cento_05.jpg\",\"contentUrl\":\"https:\\\/\\\/www.bancadellacalce.it\\\/bdc\\\/wp-content\\\/uploads\\\/2020\\\/08\\\/200706_Cento_05.jpg\",\"width\":1440,\"height\":675,\"caption\":\"Calcelatte - TERRA OMBRA 50\"},{\"@type\":\"BreadcrumbList\",\"@id\":\"https:\\\/\\\/www.bancadellacalce.it\\\/bdc\\\/storie-di-calce13-il-racconto-di-daniela\\\/#breadcrumb\",\"itemListElement\":[{\"@type\":\"ListItem\",\"position\":1,\"name\":\"Home\",\"item\":\"https:\\\/\\\/www.bancadellacalce.it\\\/bdc\\\/\"},{\"@type\":\"ListItem\",\"position\":2,\"name\":\"STORIE DI CALCE#13 IL RACCONTO DI DANIELA\"}]},{\"@type\":\"WebSite\",\"@id\":\"https:\\\/\\\/www.bancadellacalce.it\\\/bdc\\\/#website\",\"url\":\"https:\\\/\\\/www.bancadellacalce.it\\\/bdc\\\/\",\"name\":\"La banca della calce\",\"description\":\"Costruire per natura\",\"publisher\":{\"@id\":\"https:\\\/\\\/www.bancadellacalce.it\\\/bdc\\\/#organization\"},\"potentialAction\":[{\"@type\":\"SearchAction\",\"target\":{\"@type\":\"EntryPoint\",\"urlTemplate\":\"https:\\\/\\\/www.bancadellacalce.it\\\/bdc\\\/?s={search_term_string}\"},\"query-input\":{\"@type\":\"PropertyValueSpecification\",\"valueRequired\":true,\"valueName\":\"search_term_string\"}}],\"inLanguage\":\"it-IT\"},{\"@type\":\"Organization\",\"@id\":\"https:\\\/\\\/www.bancadellacalce.it\\\/bdc\\\/#organization\",\"name\":\"La Banca della Calce\",\"url\":\"https:\\\/\\\/www.bancadellacalce.it\\\/bdc\\\/\",\"logo\":{\"@type\":\"ImageObject\",\"inLanguage\":\"it-IT\",\"@id\":\"https:\\\/\\\/www.bancadellacalce.it\\\/bdc\\\/#\\\/schema\\\/logo\\\/image\\\/\",\"url\":\"https:\\\/\\\/www.bancadellacalce.it\\\/bdc\\\/wp-content\\\/uploads\\\/2016\\\/01\\\/logo-labancadellacalce.png\",\"contentUrl\":\"https:\\\/\\\/www.bancadellacalce.it\\\/bdc\\\/wp-content\\\/uploads\\\/2016\\\/01\\\/logo-labancadellacalce.png\",\"width\":729,\"height\":125,\"caption\":\"La Banca della Calce\"},\"image\":{\"@id\":\"https:\\\/\\\/www.bancadellacalce.it\\\/bdc\\\/#\\\/schema\\\/logo\\\/image\\\/\"},\"sameAs\":[\"https:\\\/\\\/www.facebook.com\\\/La-Banca-della-Calce-223667067649398\\\/\",\"https:\\\/\\\/www.instagram.com\\\/labancadellacalce\\\/\",\"https:\\\/\\\/www.linkedin.com\\\/company\\\/19183447\"]},{\"@type\":\"Person\",\"@id\":\"https:\\\/\\\/www.bancadellacalce.it\\\/bdc\\\/#\\\/schema\\\/person\\\/7e39c782e7b64a205b9a5f3bfdf5cf7b\",\"name\":\"Ilenia Ucci\",\"image\":{\"@type\":\"ImageObject\",\"inLanguage\":\"it-IT\",\"@id\":\"https:\\\/\\\/secure.gravatar.com\\\/avatar\\\/8c435332674f736442af24b7b4d565dd487c9cbb9816964ac5e67d45da94fd6b?s=96&d=mm&r=g\",\"url\":\"https:\\\/\\\/secure.gravatar.com\\\/avatar\\\/8c435332674f736442af24b7b4d565dd487c9cbb9816964ac5e67d45da94fd6b?s=96&d=mm&r=g\",\"contentUrl\":\"https:\\\/\\\/secure.gravatar.com\\\/avatar\\\/8c435332674f736442af24b7b4d565dd487c9cbb9816964ac5e67d45da94fd6b?s=96&d=mm&r=g\",\"caption\":\"Ilenia Ucci\"},\"url\":\"https:\\\/\\\/www.bancadellacalce.it\\\/bdc\\\/author\\\/elena\\\/\"}]}<\/script>\n<!-- \/ Yoast SEO plugin. -->","yoast_head_json":{"title":"Storie di Calce: il racconto di Daniela | BANCA della CALCE","description":"Oggi raccontiamo la storia di Daniela che per la sua abitazione ha utilizzato le tinte della linea CalceLatte.","robots":{"index":"index","follow":"follow","max-snippet":"max-snippet:-1","max-image-preview":"max-image-preview:large","max-video-preview":"max-video-preview:-1"},"canonical":"https:\/\/www.bancadellacalce.it\/bdc\/storie-di-calce13-il-racconto-di-daniela\/","og_locale":"it_IT","og_type":"article","og_title":"Storie di Calce: il racconto di Daniela Fabbri","og_description":"Storie di Calce \u00e8 la nostra nuova rubrica: vogliamo raccontare le vostre storie e esperienze con i prodotti di Banca della Calce. Scopri di pi\u00f9!","og_url":"https:\/\/www.bancadellacalce.it\/bdc\/storie-di-calce13-il-racconto-di-daniela\/","og_site_name":"La banca della calce","article_publisher":"https:\/\/www.facebook.com\/La-Banca-della-Calce-223667067649398\/","article_published_time":"2020-08-11T17:04:41+00:00","article_modified_time":"2022-04-25T08:37:30+00:00","og_image":[{"width":1440,"height":675,"url":"https:\/\/www.bancadellacalce.it\/bdc\/wp-content\/uploads\/2020\/08\/200706_Cento_05.jpg","type":"image\/jpeg"}],"author":"Ilenia Ucci","twitter_card":"summary_large_image","twitter_misc":{"Scritto da":"Ilenia Ucci","Tempo di lettura stimato":"4 minuti"},"schema":{"@context":"https:\/\/schema.org","@graph":[{"@type":"Article","@id":"https:\/\/www.bancadellacalce.it\/bdc\/storie-di-calce13-il-racconto-di-daniela\/#article","isPartOf":{"@id":"https:\/\/www.bancadellacalce.it\/bdc\/storie-di-calce13-il-racconto-di-daniela\/"},"author":{"name":"Ilenia Ucci","@id":"https:\/\/www.bancadellacalce.it\/bdc\/#\/schema\/person\/7e39c782e7b64a205b9a5f3bfdf5cf7b"},"headline":"STORIE DI CALCE#13 IL RACCONTO DI DANIELA","datePublished":"2020-08-11T17:04:41+00:00","dateModified":"2022-04-25T08:37:30+00:00","mainEntityOfPage":{"@id":"https:\/\/www.bancadellacalce.it\/bdc\/storie-di-calce13-il-racconto-di-daniela\/"},"wordCount":777,"publisher":{"@id":"https:\/\/www.bancadellacalce.it\/bdc\/#organization"},"image":{"@id":"https:\/\/www.bancadellacalce.it\/bdc\/storie-di-calce13-il-racconto-di-daniela\/#primaryimage"},"thumbnailUrl":"https:\/\/www.bancadellacalce.it\/bdc\/wp-content\/uploads\/2020\/08\/200706_Cento_05.jpg","keywords":["ambiente","calce","calcelatte","pigmenti","restauro","storie di calce","tinte a calce","tinteggiare a calce"],"articleSection":["Storie_di_calce","Storie_di_calce_CALCELATTE"],"inLanguage":"it-IT"},{"@type":"WebPage","@id":"https:\/\/www.bancadellacalce.it\/bdc\/storie-di-calce13-il-racconto-di-daniela\/","url":"https:\/\/www.bancadellacalce.it\/bdc\/storie-di-calce13-il-racconto-di-daniela\/","name":"Storie di Calce: il racconto di Daniela | BANCA della CALCE","isPartOf":{"@id":"https:\/\/www.bancadellacalce.it\/bdc\/#website"},"primaryImageOfPage":{"@id":"https:\/\/www.bancadellacalce.it\/bdc\/storie-di-calce13-il-racconto-di-daniela\/#primaryimage"},"image":{"@id":"https:\/\/www.bancadellacalce.it\/bdc\/storie-di-calce13-il-racconto-di-daniela\/#primaryimage"},"thumbnailUrl":"https:\/\/www.bancadellacalce.it\/bdc\/wp-content\/uploads\/2020\/08\/200706_Cento_05.jpg","datePublished":"2020-08-11T17:04:41+00:00","dateModified":"2022-04-25T08:37:30+00:00","description":"Oggi raccontiamo la storia di Daniela che per la sua abitazione ha utilizzato le tinte della linea CalceLatte.","breadcrumb":{"@id":"https:\/\/www.bancadellacalce.it\/bdc\/storie-di-calce13-il-racconto-di-daniela\/#breadcrumb"},"inLanguage":"it-IT","potentialAction":[{"@type":"ReadAction","target":["https:\/\/www.bancadellacalce.it\/bdc\/storie-di-calce13-il-racconto-di-daniela\/"]}]},{"@type":"ImageObject","inLanguage":"it-IT","@id":"https:\/\/www.bancadellacalce.it\/bdc\/storie-di-calce13-il-racconto-di-daniela\/#primaryimage","url":"https:\/\/www.bancadellacalce.it\/bdc\/wp-content\/uploads\/2020\/08\/200706_Cento_05.jpg","contentUrl":"https:\/\/www.bancadellacalce.it\/bdc\/wp-content\/uploads\/2020\/08\/200706_Cento_05.jpg","width":1440,"height":675,"caption":"Calcelatte - TERRA OMBRA 50"},{"@type":"BreadcrumbList","@id":"https:\/\/www.bancadellacalce.it\/bdc\/storie-di-calce13-il-racconto-di-daniela\/#breadcrumb","itemListElement":[{"@type":"ListItem","position":1,"name":"Home","item":"https:\/\/www.bancadellacalce.it\/bdc\/"},{"@type":"ListItem","position":2,"name":"STORIE DI CALCE#13 IL RACCONTO DI DANIELA"}]},{"@type":"WebSite","@id":"https:\/\/www.bancadellacalce.it\/bdc\/#website","url":"https:\/\/www.bancadellacalce.it\/bdc\/","name":"La banca della calce","description":"Costruire per natura","publisher":{"@id":"https:\/\/www.bancadellacalce.it\/bdc\/#organization"},"potentialAction":[{"@type":"SearchAction","target":{"@type":"EntryPoint","urlTemplate":"https:\/\/www.bancadellacalce.it\/bdc\/?s={search_term_string}"},"query-input":{"@type":"PropertyValueSpecification","valueRequired":true,"valueName":"search_term_string"}}],"inLanguage":"it-IT"},{"@type":"Organization","@id":"https:\/\/www.bancadellacalce.it\/bdc\/#organization","name":"La Banca della Calce","url":"https:\/\/www.bancadellacalce.it\/bdc\/","logo":{"@type":"ImageObject","inLanguage":"it-IT","@id":"https:\/\/www.bancadellacalce.it\/bdc\/#\/schema\/logo\/image\/","url":"https:\/\/www.bancadellacalce.it\/bdc\/wp-content\/uploads\/2016\/01\/logo-labancadellacalce.png","contentUrl":"https:\/\/www.bancadellacalce.it\/bdc\/wp-content\/uploads\/2016\/01\/logo-labancadellacalce.png","width":729,"height":125,"caption":"La Banca della Calce"},"image":{"@id":"https:\/\/www.bancadellacalce.it\/bdc\/#\/schema\/logo\/image\/"},"sameAs":["https:\/\/www.facebook.com\/La-Banca-della-Calce-223667067649398\/","https:\/\/www.instagram.com\/labancadellacalce\/","https:\/\/www.linkedin.com\/company\/19183447"]},{"@type":"Person","@id":"https:\/\/www.bancadellacalce.it\/bdc\/#\/schema\/person\/7e39c782e7b64a205b9a5f3bfdf5cf7b","name":"Ilenia Ucci","image":{"@type":"ImageObject","inLanguage":"it-IT","@id":"https:\/\/secure.gravatar.com\/avatar\/8c435332674f736442af24b7b4d565dd487c9cbb9816964ac5e67d45da94fd6b?s=96&d=mm&r=g","url":"https:\/\/secure.gravatar.com\/avatar\/8c435332674f736442af24b7b4d565dd487c9cbb9816964ac5e67d45da94fd6b?s=96&d=mm&r=g","contentUrl":"https:\/\/secure.gravatar.com\/avatar\/8c435332674f736442af24b7b4d565dd487c9cbb9816964ac5e67d45da94fd6b?s=96&d=mm&r=g","caption":"Ilenia Ucci"},"url":"https:\/\/www.bancadellacalce.it\/bdc\/author\/elena\/"}]}},"_links":{"self":[{"href":"https:\/\/www.bancadellacalce.it\/bdc\/wp-json\/wp\/v2\/posts\/29771","targetHints":{"allow":["GET"]}}],"collection":[{"href":"https:\/\/www.bancadellacalce.it\/bdc\/wp-json\/wp\/v2\/posts"}],"about":[{"href":"https:\/\/www.bancadellacalce.it\/bdc\/wp-json\/wp\/v2\/types\/post"}],"author":[{"embeddable":true,"href":"https:\/\/www.bancadellacalce.it\/bdc\/wp-json\/wp\/v2\/users\/9"}],"replies":[{"embeddable":true,"href":"https:\/\/www.bancadellacalce.it\/bdc\/wp-json\/wp\/v2\/comments?post=29771"}],"version-history":[{"count":0,"href":"https:\/\/www.bancadellacalce.it\/bdc\/wp-json\/wp\/v2\/posts\/29771\/revisions"}],"wp:featuredmedia":[{"embeddable":true,"href":"https:\/\/www.bancadellacalce.it\/bdc\/wp-json\/wp\/v2\/media\/29809"}],"wp:attachment":[{"href":"https:\/\/www.bancadellacalce.it\/bdc\/wp-json\/wp\/v2\/media?parent=29771"}],"wp:term":[{"taxonomy":"category","embeddable":true,"href":"https:\/\/www.bancadellacalce.it\/bdc\/wp-json\/wp\/v2\/categories?post=29771"},{"taxonomy":"post_tag","embeddable":true,"href":"https:\/\/www.bancadellacalce.it\/bdc\/wp-json\/wp\/v2\/tags?post=29771"},{"taxonomy":"post_series","embeddable":true,"href":"https:\/\/www.bancadellacalce.it\/bdc\/wp-json\/wp\/v2\/post_series?post=29771"}],"curies":[{"name":"wp","href":"https:\/\/api.w.org\/{rel}","templated":true}]}}